{"id":293828,"date":"2023-04-12T08:56:57","date_gmt":"2023-04-12T05:56:57","guid":{"rendered":"http:\/\/sana.sy\/es\/?p=293828"},"modified":"2023-04-12T08:56:57","modified_gmt":"2023-04-12T05:56:57","slug":"israel-sigue-cortando-los-arboles-de-olivo-palestinos","status":"publish","type":"post","link":"https:\/\/archive.sana.sy\/es\/?p=293828","title":{"rendered":"\u201cIsrael\u201d sigue cortando los \u00e1rboles de olivo palestinos"},"content":{"rendered":"<p style=\"text-align: justify;\"><strong><span style=\"color: #800000;\">Jerusal\u00e9n ocupada, 12 abr (SANA)<\/span>\u00a0 <\/strong>Los colonos israel\u00edes atacaron las tierras agr\u00edcolas palestinas, cerca de la ciudad de Naplusa, en Cisjordania.<\/p>\n<p style=\"text-align: justify;\">Seg\u00fan reportes de la agencia de noticias palestina Wafa, los colonos asaltaron las tierras en el pueblo de Qaryut, donde cortaron m\u00e1s de 70 \u00e1rboles de olivo.<\/p>\n<p style=\"text-align: justify;\">La v\u00edspera, los colonos atacaron las propiedades palestinas en las localidades de Tekoa y Al-Khader, al sureste de Bel\u00e9n, en Cisjordania, dejando da\u00f1os materiales.<\/p>\n<p style=\"text-align: justify;\">fm\/ws<\/p>\n","protected":false},"excerpt":{"rendered":"<p>Jerusal\u00e9n ocupada, 12 abr (SANA)\u00a0 Los colonos israel\u00edes atacaron las tierras agr\u00edcolas palestinas, cerca de la ciudad de Naplusa, en Cisjordania. Seg\u00fan reportes de la agencia de noticias palestina Wafa, los colonos asaltaron las tierras en el pueblo de Qaryut, donde cortaron m\u00e1s de 70 \u00e1rboles de olivo. La v\u00edspera, los colonos atacaron las propiedades &hellip;<\/p>\n","protected":false},"author":35,"featured_media":293829,"comment_status":"closed","ping_status":"closed","sticky":false,"template":"","format":"standard","meta":{"footnotes":""},"categories":[597,456,16687,20724,7541],"tags":[],"class_list":["post-293828","post","type-post","status-publish","format-standard","has-post-thumbnail","","category-cinta-de-noticias","category-arabe-internacional-politica","category-internacionales","category-minuto-a-minuto","category-ultimas-noticias"],"_links":{"self":[{"href":"https:\/\/archive.sana.sy\/es\/index.php?rest_route=\/wp\/v2\/posts\/293828"}],"collection":[{"href":"https:\/\/archive.sana.sy\/es\/index.php?rest_route=\/wp\/v2\/posts"}],"about":[{"href":"https:\/\/archive.sana.sy\/es\/index.php?rest_route=\/wp\/v2\/types\/post"}],"author":[{"embeddable":true,"href":"https:\/\/archive.sana.sy\/es\/index.php?rest_route=\/wp\/v2\/users\/35"}],"replies":[{"embeddable":true,"href":"https:\/\/archive.sana.sy\/es\/index.php?rest_route=%2Fwp%2Fv2%2Fcomments&post=293828"}],"version-history":[{"count":1,"href":"https:\/\/archive.sana.sy\/es\/index.php?rest_route=\/wp\/v2\/posts\/293828\/revisions"}],"predecessor-version":[{"id":293830,"href":"https:\/\/archive.sana.sy\/es\/index.php?rest_route=\/wp\/v2\/posts\/293828\/revisions\/293830"}],"wp:featuredmedia":[{"embeddable":true,"href":"https:\/\/archive.sana.sy\/es\/index.php?rest_route=\/wp\/v2\/media\/293829"}],"wp:attachment":[{"href":"https:\/\/archive.sana.sy\/es\/index.php?rest_route=%2Fwp%2Fv2%2Fmedia&parent=293828"}],"wp:term":[{"taxonomy":"category","embeddable":true,"href":"https:\/\/archive.sana.sy\/es\/index.php?rest_route=%2Fwp%2Fv2%2Fcategories&post=293828"},{"taxonomy":"post_tag","embeddable":true,"href":"https:\/\/archive.sana.sy\/es\/index.php?rest_route=%2Fwp%2Fv2%2Ftags&post=293828"}],"curies":[{"name":"wp","href":"https:\/\/api.w.org\/{rel}","templated":true}]}}