{"id":293860,"date":"2023-04-12T12:56:56","date_gmt":"2023-04-12T09:56:56","guid":{"rendered":"http:\/\/sana.sy\/es\/?p=293860"},"modified":"2023-04-12T12:56:56","modified_gmt":"2023-04-12T09:56:56","slug":"siempre-hemos-apoyado-el-regreso-de-siria-a-su-entorno-arabe-reitera-iraq","status":"publish","type":"post","link":"https:\/\/archive.sana.sy\/es\/?p=293860","title":{"rendered":"Siempre hemos apoyado el regreso de Siria a su entorno \u00e1rabe, reitera Iraq"},"content":{"rendered":"<blockquote>\n<p style=\"text-align: justify;\"><span style=\"color: #800000;\">\u201cBagdad apoyaba y sigue apoyando el regreso de Siria a su asiento en la Liga \u00c1rabe\u201d, afirm\u00f3 Al-Sahhaf a la agencia Sputnik.<\/span><\/p>\n<\/blockquote>\n<p style=\"text-align: justify;\"><strong><span style=\"color: #800000;\">Bagdad, 12 abr (SANA)<\/span> <\/strong>El portavoz del Ministerio de Exteriores iraqu\u00ed, Ahmed Al-Sahhaf, afirm\u00f3 hoy que su pa\u00eds sigue apoyando el regreso de Siria a su entorno \u00e1rabe.<\/p>\n<p style=\"text-align: justify;\">\u201cBagdad apoyaba y sigue apoyando el regreso de Siria a su asiento en la Liga \u00c1rabe\u201d, afirm\u00f3 Al-Sahhaf a la agencia Sputnik.<\/p>\n<p style=\"text-align: justify;\">Consider\u00f3 que \u201cla integraci\u00f3n de la casa \u00e1rabe repercute positivamente sobre sus miembros\u201d.<\/p>\n<p style=\"text-align: justify;\">fm\/ws<\/p>\n","protected":false},"excerpt":{"rendered":"<p>\u201cBagdad apoyaba y sigue apoyando el regreso de Siria a su asiento en la Liga \u00c1rabe\u201d, afirm\u00f3 Al-Sahhaf a la agencia Sputnik. Bagdad, 12 abr (SANA) El portavoz del Ministerio de Exteriores iraqu\u00ed, Ahmed Al-Sahhaf, afirm\u00f3 hoy que su pa\u00eds sigue apoyando el regreso de Siria a su entorno \u00e1rabe. \u201cBagdad apoyaba y sigue apoyando &hellip;<\/p>\n","protected":false},"author":35,"featured_media":293861,"comment_status":"closed","ping_status":"closed","sticky":false,"template":"","format":"standard","meta":{"footnotes":""},"categories":[447,477,597,456,16687,20724,467,7541],"tags":[],"class_list":["post-293860","post","type-post","status-publish","format-standard","has-post-thumbnail","","category-local-politica","category-noticias-edulcorantes","category-cinta-de-noticias","category-arabe-internacional-politica","category-internacionales","category-minuto-a-minuto","category-siria-y-el-mundo","category-ultimas-noticias"],"_links":{"self":[{"href":"https:\/\/archive.sana.sy\/es\/index.php?rest_route=\/wp\/v2\/posts\/293860"}],"collection":[{"href":"https:\/\/archive.sana.sy\/es\/index.php?rest_route=\/wp\/v2\/posts"}],"about":[{"href":"https:\/\/archive.sana.sy\/es\/index.php?rest_route=\/wp\/v2\/types\/post"}],"author":[{"embeddable":true,"href":"https:\/\/archive.sana.sy\/es\/index.php?rest_route=\/wp\/v2\/users\/35"}],"replies":[{"embeddable":true,"href":"https:\/\/archive.sana.sy\/es\/index.php?rest_route=%2Fwp%2Fv2%2Fcomments&post=293860"}],"version-history":[{"count":1,"href":"https:\/\/archive.sana.sy\/es\/index.php?rest_route=\/wp\/v2\/posts\/293860\/revisions"}],"predecessor-version":[{"id":293862,"href":"https:\/\/archive.sana.sy\/es\/index.php?rest_route=\/wp\/v2\/posts\/293860\/revisions\/293862"}],"wp:featuredmedia":[{"embeddable":true,"href":"https:\/\/archive.sana.sy\/es\/index.php?rest_route=\/wp\/v2\/media\/293861"}],"wp:attachment":[{"href":"https:\/\/archive.sana.sy\/es\/index.php?rest_route=%2Fwp%2Fv2%2Fmedia&parent=293860"}],"wp:term":[{"taxonomy":"category","embeddable":true,"href":"https:\/\/archive.sana.sy\/es\/index.php?rest_route=%2Fwp%2Fv2%2Fcategories&post=293860"},{"taxonomy":"post_tag","embeddable":true,"href":"https:\/\/archive.sana.sy\/es\/index.php?rest_route=%2Fwp%2Fv2%2Ftags&post=293860"}],"curies":[{"name":"wp","href":"https:\/\/api.w.org\/{rel}","templated":true}]}}