{"id":293868,"date":"2023-04-12T14:43:42","date_gmt":"2023-04-12T11:43:42","guid":{"rendered":"http:\/\/sana.sy\/es\/?p=293868"},"modified":"2023-04-12T18:08:13","modified_gmt":"2023-04-12T15:08:13","slug":"comienzan-obras-de-restauracion-de-mezquita-antigua-danada-por-los-terremotos-fotos","status":"publish","type":"post","link":"https:\/\/archive.sana.sy\/es\/?p=293868","title":{"rendered":"Comienzan obras de restauraci\u00f3n de mezquita antigua da\u00f1ada por los terremotos (+ fotos)"},"content":{"rendered":"<blockquote>\n<p style=\"text-align: justify\"><span style=\"color: #800000\">Varios cuadros antiguos colocados en las paredes de la Mezquita est\u00e1n siendo examinados, bajo supervisi\u00f3n de un grupo de arquitectos especializados en antig\u00fcedades, con el fin de preservar la arquitectura y el car\u00e1cter hist\u00f3rico de esta mezquita, agreg\u00f3<\/span><\/p>\n<\/blockquote>\n<p style=\"text-align: justify\"><span style=\"color: #800000\"><strong>Hama, 12 abr (SANA)\u00a0<\/strong><\/span> El Departamento de Antig\u00fcedades en la provincia de Hama, en el centro de Siria, comenz\u00f3 las obras de restauraci\u00f3n en la mezquita Imam Ismail en la ciudad de Salamieh, da\u00f1ada por los terremotos que azotaron Siria el pasado mes de febrero.<\/p>\n<p style=\"text-align: justify\">Los trabajos incluyen la rehabilitaci\u00f3n de las partes destruidas de esta antigua e hist\u00f3rica edificaci\u00f3n, como el minarete, el techo y la circunferencia de la c\u00fapula.<\/p>\n<p style=\"text-align: justify\">La directora del referida Departamento, Rania Al-Khatib, explic\u00f3 a SANA que tras el derrumbe de algunas partes de esta antigua mezquita, fueron evaluados los da\u00f1os para llevar a cabo la restauraci\u00f3n y reparaci\u00f3n.<\/p>\n<p style=\"text-align: justify\">Varios cuadros antiguos colocados en las paredes de la Mezquita est\u00e1n siendo examinados, bajo supervisi\u00f3n de un grupo de arquitectos especializados en antig\u00fcedades, con el fin de preservar la arquitectura y el car\u00e1cter hist\u00f3rico de esta mezquita, agreg\u00f3.<\/p>\n<p style=\"text-align: justify\">Esta mezquita es uno de las monumentos arqueol\u00f3gicos m\u00e1s antiguos de la ciudad de Salamieh.<\/p>\n<div id='gallery-1' class='gallery galleryid-293868 gallery-columns-1 gallery-size-full'><figure class='gallery-item'>\n\t\t\t<div class='gallery-icon landscape'>\n\t\t\t\t<a href='https:\/\/archive.sana.sy\/es\/wp-content\/uploads\/2023\/04\/3-1-1-scaled.jpg'><img loading=\"lazy\" decoding=\"async\" width=\"2560\" height=\"1385\" src=\"https:\/\/archive.sana.sy\/es\/wp-content\/uploads\/2023\/04\/3-1-1-scaled.jpg\" class=\"attachment-full size-full\" alt=\"\" srcset=\"https:\/\/archive.sana.sy\/es\/wp-content\/uploads\/2023\/04\/3-1-1-scaled.jpg 2560w, https:\/\/archive.sana.sy\/es\/wp-content\/uploads\/2023\/04\/3-1-1-300x162.jpg 300w, https:\/\/archive.sana.sy\/es\/wp-content\/uploads\/2023\/04\/3-1-1-1024x554.jpg 1024w, https:\/\/archive.sana.sy\/es\/wp-content\/uploads\/2023\/04\/3-1-1-150x81.jpg 150w, https:\/\/archive.sana.sy\/es\/wp-content\/uploads\/2023\/04\/3-1-1-768x416.jpg 768w, https:\/\/archive.sana.sy\/es\/wp-content\/uploads\/2023\/04\/3-1-1-1536x831.jpg 1536w, https:\/\/archive.sana.sy\/es\/wp-content\/uploads\/2023\/04\/3-1-1-2048x1108.jpg 2048w\" sizes=\"(max-width: 2560px) 100vw, 2560px\" \/><\/a>\n\t\t\t<\/div><\/figure><figure class='gallery-item'>\n\t\t\t<div class='gallery-icon landscape'>\n\t\t\t\t<a href='https:\/\/archive.sana.sy\/es\/wp-content\/uploads\/2023\/04\/3-2-scaled.jpg'><img loading=\"lazy\" decoding=\"async\" width=\"2560\" height=\"1360\" src=\"https:\/\/archive.sana.sy\/es\/wp-content\/uploads\/2023\/04\/3-2-scaled.jpg\" class=\"attachment-full size-full\" alt=\"\" srcset=\"https:\/\/archive.sana.sy\/es\/wp-content\/uploads\/2023\/04\/3-2-scaled.jpg 2560w, https:\/\/archive.sana.sy\/es\/wp-content\/uploads\/2023\/04\/3-2-300x159.jpg 300w, https:\/\/archive.sana.sy\/es\/wp-content\/uploads\/2023\/04\/3-2-1024x544.jpg 1024w, https:\/\/archive.sana.sy\/es\/wp-content\/uploads\/2023\/04\/3-2-150x80.jpg 150w, https:\/\/archive.sana.sy\/es\/wp-content\/uploads\/2023\/04\/3-2-768x408.jpg 768w, https:\/\/archive.sana.sy\/es\/wp-content\/uploads\/2023\/04\/3-2-1536x816.jpg 1536w, https:\/\/archive.sana.sy\/es\/wp-content\/uploads\/2023\/04\/3-2-2048x1088.jpg 2048w, https:\/\/archive.sana.sy\/es\/wp-content\/uploads\/2023\/04\/3-2-310x165.jpg 310w\" sizes=\"(max-width: 2560px) 100vw, 2560px\" \/><\/a>\n\t\t\t<\/div><\/figure><figure class='gallery-item'>\n\t\t\t<div class='gallery-icon landscape'>\n\t\t\t\t<a href='https:\/\/archive.sana.sy\/es\/wp-content\/uploads\/2023\/04\/3-3-scaled.jpg'><img loading=\"lazy\" decoding=\"async\" width=\"2560\" height=\"1303\" src=\"https:\/\/archive.sana.sy\/es\/wp-content\/uploads\/2023\/04\/3-3-scaled.jpg\" class=\"attachment-full size-full\" alt=\"\" srcset=\"https:\/\/archive.sana.sy\/es\/wp-content\/uploads\/2023\/04\/3-3-scaled.jpg 2560w, https:\/\/archive.sana.sy\/es\/wp-content\/uploads\/2023\/04\/3-3-300x153.jpg 300w, https:\/\/archive.sana.sy\/es\/wp-content\/uploads\/2023\/04\/3-3-1024x521.jpg 1024w, https:\/\/archive.sana.sy\/es\/wp-content\/uploads\/2023\/04\/3-3-150x76.jpg 150w, https:\/\/archive.sana.sy\/es\/wp-content\/uploads\/2023\/04\/3-3-768x391.jpg 768w, https:\/\/archive.sana.sy\/es\/wp-content\/uploads\/2023\/04\/3-3-1536x782.jpg 1536w, https:\/\/archive.sana.sy\/es\/wp-content\/uploads\/2023\/04\/3-3-2048x1043.jpg 2048w\" sizes=\"(max-width: 2560px) 100vw, 2560px\" \/><\/a>\n\t\t\t<\/div><\/figure><figure class='gallery-item'>\n\t\t\t<div class='gallery-icon landscape'>\n\t\t\t\t<a href='https:\/\/archive.sana.sy\/es\/wp-content\/uploads\/2023\/04\/3-4-scaled.jpg'><img loading=\"lazy\" decoding=\"async\" width=\"2560\" height=\"1361\" src=\"https:\/\/archive.sana.sy\/es\/wp-content\/uploads\/2023\/04\/3-4-scaled.jpg\" class=\"attachment-full size-full\" alt=\"\" srcset=\"https:\/\/archive.sana.sy\/es\/wp-content\/uploads\/2023\/04\/3-4-scaled.jpg 2560w, https:\/\/archive.sana.sy\/es\/wp-content\/uploads\/2023\/04\/3-4-300x160.jpg 300w, https:\/\/archive.sana.sy\/es\/wp-content\/uploads\/2023\/04\/3-4-1024x545.jpg 1024w, https:\/\/archive.sana.sy\/es\/wp-content\/uploads\/2023\/04\/3-4-150x80.jpg 150w, https:\/\/archive.sana.sy\/es\/wp-content\/uploads\/2023\/04\/3-4-768x408.jpg 768w, https:\/\/archive.sana.sy\/es\/wp-content\/uploads\/2023\/04\/3-4-1536x817.jpg 1536w, https:\/\/archive.sana.sy\/es\/wp-content\/uploads\/2023\/04\/3-4-2048x1089.jpg 2048w, https:\/\/archive.sana.sy\/es\/wp-content\/uploads\/2023\/04\/3-4-310x165.jpg 310w\" sizes=\"(max-width: 2560px) 100vw, 2560px\" \/><\/a>\n\t\t\t<\/div><\/figure><figure class='gallery-item'>\n\t\t\t<div class='gallery-icon landscape'>\n\t\t\t\t<a href='https:\/\/archive.sana.sy\/es\/wp-content\/uploads\/2023\/04\/3-7-scaled.jpg'><img loading=\"lazy\" decoding=\"async\" width=\"2560\" height=\"1458\" src=\"https:\/\/archive.sana.sy\/es\/wp-content\/uploads\/2023\/04\/3-7-scaled.jpg\" class=\"attachment-full size-full\" alt=\"\" srcset=\"https:\/\/archive.sana.sy\/es\/wp-content\/uploads\/2023\/04\/3-7-scaled.jpg 2560w, https:\/\/archive.sana.sy\/es\/wp-content\/uploads\/2023\/04\/3-7-300x171.jpg 300w, https:\/\/archive.sana.sy\/es\/wp-content\/uploads\/2023\/04\/3-7-1024x583.jpg 1024w, https:\/\/archive.sana.sy\/es\/wp-content\/uploads\/2023\/04\/3-7-150x85.jpg 150w, https:\/\/archive.sana.sy\/es\/wp-content\/uploads\/2023\/04\/3-7-768x437.jpg 768w, https:\/\/archive.sana.sy\/es\/wp-content\/uploads\/2023\/04\/3-7-1536x875.jpg 1536w, https:\/\/archive.sana.sy\/es\/wp-content\/uploads\/2023\/04\/3-7-2048x1166.jpg 2048w\" sizes=\"(max-width: 2560px) 100vw, 2560px\" \/><\/a>\n\t\t\t<\/div><\/figure>\n\t\t<\/div>\n\n<p style=\"text-align: justify\">ws\/fm<\/p>\n","protected":false},"excerpt":{"rendered":"<p>Varios cuadros antiguos colocados en las paredes de la Mezquita est\u00e1n siendo examinados, bajo supervisi\u00f3n de un grupo de arquitectos especializados en antig\u00fcedades, con el fin de preservar la arquitectura y el car\u00e1cter hist\u00f3rico de esta mezquita, agreg\u00f3 Hama, 12 abr (SANA)\u00a0 El Departamento de Antig\u00fcedades en la provincia de Hama, en el centro de &hellip;<\/p>\n","protected":false},"author":35,"featured_media":293869,"comment_status":"closed","ping_status":"closed","sticky":false,"template":"","format":"standard","meta":{"footnotes":""},"categories":[447,597,510,476,448,7541],"tags":[],"class_list":["post-293868","post","type-post","status-publish","format-standard","has-post-thumbnail","","category-local-politica","category-cinta-de-noticias","category-arte-y-cultura","category-locales","category-noticias","category-ultimas-noticias"],"_links":{"self":[{"href":"https:\/\/archive.sana.sy\/es\/index.php?rest_route=\/wp\/v2\/posts\/293868"}],"collection":[{"href":"https:\/\/archive.sana.sy\/es\/index.php?rest_route=\/wp\/v2\/posts"}],"about":[{"href":"https:\/\/archive.sana.sy\/es\/index.php?rest_route=\/wp\/v2\/types\/post"}],"author":[{"embeddable":true,"href":"https:\/\/archive.sana.sy\/es\/index.php?rest_route=\/wp\/v2\/users\/35"}],"replies":[{"embeddable":true,"href":"https:\/\/archive.sana.sy\/es\/index.php?rest_route=%2Fwp%2Fv2%2Fcomments&post=293868"}],"version-history":[{"count":3,"href":"https:\/\/archive.sana.sy\/es\/index.php?rest_route=\/wp\/v2\/posts\/293868\/revisions"}],"predecessor-version":[{"id":293913,"href":"https:\/\/archive.sana.sy\/es\/index.php?rest_route=\/wp\/v2\/posts\/293868\/revisions\/293913"}],"wp:featuredmedia":[{"embeddable":true,"href":"https:\/\/archive.sana.sy\/es\/index.php?rest_route=\/wp\/v2\/media\/293869"}],"wp:attachment":[{"href":"https:\/\/archive.sana.sy\/es\/index.php?rest_route=%2Fwp%2Fv2%2Fmedia&parent=293868"}],"wp:term":[{"taxonomy":"category","embeddable":true,"href":"https:\/\/archive.sana.sy\/es\/index.php?rest_route=%2Fwp%2Fv2%2Fcategories&post=293868"},{"taxonomy":"post_tag","embeddable":true,"href":"https:\/\/archive.sana.sy\/es\/index.php?rest_route=%2Fwp%2Fv2%2Ftags&post=293868"}],"curies":[{"name":"wp","href":"https:\/\/api.w.org\/{rel}","templated":true}]}}