{"id":293892,"date":"2023-04-12T17:09:54","date_gmt":"2023-04-12T14:09:54","guid":{"rendered":"http:\/\/sana.sy\/es\/?p=293892"},"modified":"2023-04-12T18:36:53","modified_gmt":"2023-04-12T15:36:53","slug":"293892","status":"publish","type":"post","link":"https:\/\/archive.sana.sy\/es\/?p=293892","title":{"rendered":"Canciller sirio inicia visita oficial a Arabia Saudita"},"content":{"rendered":"<p style=\"text-align: justify\"><span style=\"color: #800000\"><strong>Damasco, 12 abr (SANA)<\/strong><\/span> El ministro de Asuntos Exteriores y Expatriados de Siria, Faisal Al-Mekdad, inici\u00f3 hoy una visita de trabajo a Arabia Saudita.<\/p>\n<p style=\"text-align: justify\">La visita cumple una invitaci\u00f3n del Pr\u00edncipe Faisal bin Farhan, ministro de Relaciones Exteriores del Reino de Arabia Saudita.<\/p>\n<p style=\"text-align: justify\">Durante la visita, los dos cancilleres conversar\u00e1n sobre las relaciones bilaterales entre los dos pa\u00edses hermanos y varios temas de inter\u00e9s com\u00fan.<\/p>\n<p style=\"text-align: justify\">El Canciller sirio y la delegaci\u00f3n que le acompa\u00f1a fueron recibidos en el aeropuerto de la ciudad de Yeda por Walid Al-Khuraiji, viceministro de Relaciones Exteriores y varios funcionarios de la Canciller\u00eda Saudita.<\/p>\n<div id='gallery-1' class='gallery galleryid-293892 gallery-columns-1 gallery-size-large'><figure class='gallery-item'>\n\t\t\t<div class='gallery-icon landscape'>\n\t\t\t\t<img loading=\"lazy\" decoding=\"async\" width=\"618\" height=\"415\" src=\"https:\/\/archive.sana.sy\/es\/wp-content\/uploads\/2023\/04\/Al-Mekdad-inicia-una-visita-a-Arabia-Saudita-2-1024x687.jpeg\" class=\"attachment-large size-large\" alt=\"\" srcset=\"https:\/\/archive.sana.sy\/es\/wp-content\/uploads\/2023\/04\/Al-Mekdad-inicia-una-visita-a-Arabia-Saudita-2-1024x687.jpeg 1024w, https:\/\/archive.sana.sy\/es\/wp-content\/uploads\/2023\/04\/Al-Mekdad-inicia-una-visita-a-Arabia-Saudita-2-300x201.jpeg 300w, https:\/\/archive.sana.sy\/es\/wp-content\/uploads\/2023\/04\/Al-Mekdad-inicia-una-visita-a-Arabia-Saudita-2-150x101.jpeg 150w, https:\/\/archive.sana.sy\/es\/wp-content\/uploads\/2023\/04\/Al-Mekdad-inicia-una-visita-a-Arabia-Saudita-2-768x515.jpeg 768w, https:\/\/archive.sana.sy\/es\/wp-content\/uploads\/2023\/04\/Al-Mekdad-inicia-una-visita-a-Arabia-Saudita-2-110x75.jpeg 110w, https:\/\/archive.sana.sy\/es\/wp-content\/uploads\/2023\/04\/Al-Mekdad-inicia-una-visita-a-Arabia-Saudita-2.jpeg 1280w\" sizes=\"(max-width: 618px) 100vw, 618px\" \/>\n\t\t\t<\/div><\/figure>\n\t\t<\/div>\n\n<h5 style=\"text-align: justify\"><\/h5>\n<p>&nbsp;<\/p>\n<p>fm\/la<\/p>\n","protected":false},"excerpt":{"rendered":"<p>Damasco, 12 abr (SANA) El ministro de Asuntos Exteriores y Expatriados de Siria, Faisal Al-Mekdad, inici\u00f3 hoy una visita de trabajo a Arabia Saudita. La visita cumple una invitaci\u00f3n del Pr\u00edncipe Faisal bin Farhan, ministro de Relaciones Exteriores del Reino de Arabia Saudita. Durante la visita, los dos cancilleres conversar\u00e1n sobre las relaciones bilaterales entre &hellip;<\/p>\n","protected":false},"author":24,"featured_media":293897,"comment_status":"closed","ping_status":"closed","sticky":false,"template":"","format":"standard","meta":{"footnotes":""},"categories":[447,597,20724,448,467,583],"tags":[7783,21957,6553,21958],"class_list":["post-293892","post","type-post","status-publish","format-standard","has-post-thumbnail","","category-local-politica","category-cinta-de-noticias","category-minuto-a-minuto","category-noticias","category-siria-y-el-mundo","category-slide","tag-arabia-saudita","tag-canciller-al-mekdad","tag-siria","tag-visita-oficial"],"_links":{"self":[{"href":"https:\/\/archive.sana.sy\/es\/index.php?rest_route=\/wp\/v2\/posts\/293892"}],"collection":[{"href":"https:\/\/archive.sana.sy\/es\/index.php?rest_route=\/wp\/v2\/posts"}],"about":[{"href":"https:\/\/archive.sana.sy\/es\/index.php?rest_route=\/wp\/v2\/types\/post"}],"author":[{"embeddable":true,"href":"https:\/\/archive.sana.sy\/es\/index.php?rest_route=\/wp\/v2\/users\/24"}],"replies":[{"embeddable":true,"href":"https:\/\/archive.sana.sy\/es\/index.php?rest_route=%2Fwp%2Fv2%2Fcomments&post=293892"}],"version-history":[{"count":7,"href":"https:\/\/archive.sana.sy\/es\/index.php?rest_route=\/wp\/v2\/posts\/293892\/revisions"}],"predecessor-version":[{"id":293914,"href":"https:\/\/archive.sana.sy\/es\/index.php?rest_route=\/wp\/v2\/posts\/293892\/revisions\/293914"}],"wp:featuredmedia":[{"embeddable":true,"href":"https:\/\/archive.sana.sy\/es\/index.php?rest_route=\/wp\/v2\/media\/293897"}],"wp:attachment":[{"href":"https:\/\/archive.sana.sy\/es\/index.php?rest_route=%2Fwp%2Fv2%2Fmedia&parent=293892"}],"wp:term":[{"taxonomy":"category","embeddable":true,"href":"https:\/\/archive.sana.sy\/es\/index.php?rest_route=%2Fwp%2Fv2%2Fcategories&post=293892"},{"taxonomy":"post_tag","embeddable":true,"href":"https:\/\/archive.sana.sy\/es\/index.php?rest_route=%2Fwp%2Fv2%2Ftags&post=293892"}],"curies":[{"name":"wp","href":"https:\/\/api.w.org\/{rel}","templated":true}]}}