{"id":293907,"date":"2023-04-12T16:00:02","date_gmt":"2023-04-12T13:00:02","guid":{"rendered":"http:\/\/sana.sy\/es\/?p=293907"},"modified":"2023-04-12T18:09:39","modified_gmt":"2023-04-12T15:09:39","slug":"delegacion-irani-arriba-a-arabia-saudita-en-el-marco-de-los-esfuerzos-para-reanudar-relaciones-diplomaticas","status":"publish","type":"post","link":"https:\/\/archive.sana.sy\/es\/?p=293907","title":{"rendered":"Delegaci\u00f3n iran\u00ed arriba a Arabia Saudita en el marco de los esfuerzos para reanudar relaciones diplom\u00e1ticas"},"content":{"rendered":"<p style=\"text-align: justify\"><span style=\"color: #800000\"><strong>Teher\u00e1n, 12 abr (SANA)<\/strong><\/span> El portavoz del Ministerio de Exteriores iran\u00ed, Naser Kanani, anunci\u00f3 este mi\u00e9rcoles que una delegaci\u00f3n t\u00e9cnica iran\u00ed lleg\u00f3 a Riad en el marco de los esfuerzos desempe\u00f1ados para reanudar las relaciones oficiales y la actividad diplom\u00e1tica entre Ir\u00e1n y Arabia Saudita.<\/p>\n<p style=\"text-align: justify\">En un comunicado, el vocero iran\u00ed destac\u00f3 que \u201cLa delegaci\u00f3n iran\u00ed tomar\u00e1 las medidas necesarias en el marco de dos grupos de trabajo en Riad y Yeda para reabrir la embajada y el consulado general, as\u00ed como reiniciar la actividad de la representaci\u00f3n permanente de la Rep\u00fablica Isl\u00e1mica de Ir\u00e1n ante la Organizaci\u00f3n de Cooperaci\u00f3n Isl\u00e1mica\u201d.<\/p>\n<p style=\"text-align: justify\">&#8220;Se har\u00e1n esfuerzos para reabrir las representaciones iran\u00edes antes de la temporada de Hajj&#8221;, destac\u00f3.<\/p>\n<p style=\"text-align: justify\">Kanani se refiri\u00f3 tambi\u00e9n a la visita de una delegaci\u00f3n t\u00e9cnica saud\u00ed a Ir\u00e1n el pasado s\u00e1bado para discutir mecanismos para reabrir la Embajada saud\u00ed ante Teher\u00e1n.<\/p>\n<p style=\"text-align: justify\">El 6 del mes en curso, el ministro de Relaciones Exteriores iran\u00ed, Hussein Amir Abdullahian, y su hom\u00f3logo saud\u00ed, Faisal bin Farhan, firmaron una declaraci\u00f3n conjunta en la capital china Pek\u00edn para impulsar las relaciones y la cooperaci\u00f3n entre los dos pa\u00edses.<\/p>\n<p style=\"text-align: justify\">la<\/p>\n","protected":false},"excerpt":{"rendered":"<p>Teher\u00e1n, 12 abr (SANA) El portavoz del Ministerio de Exteriores iran\u00ed, Naser Kanani, anunci\u00f3 este mi\u00e9rcoles que una delegaci\u00f3n t\u00e9cnica iran\u00ed lleg\u00f3 a Riad en el marco de los esfuerzos desempe\u00f1ados para reanudar las relaciones oficiales y la actividad diplom\u00e1tica entre Ir\u00e1n y Arabia Saudita. En un comunicado, el vocero iran\u00ed destac\u00f3 que \u201cLa delegaci\u00f3n &hellip;<\/p>\n","protected":false},"author":24,"featured_media":293908,"comment_status":"closed","ping_status":"closed","sticky":false,"template":"","format":"standard","meta":{"footnotes":""},"categories":[597,456,16687,20724,7541],"tags":[7783,2866,21959],"class_list":["post-293907","post","type-post","status-publish","format-standard","has-post-thumbnail","","category-cinta-de-noticias","category-arabe-internacional-politica","category-internacionales","category-minuto-a-minuto","category-ultimas-noticias","tag-arabia-saudita","tag-iran","tag-normalizacion-de-relaciones"],"_links":{"self":[{"href":"https:\/\/archive.sana.sy\/es\/index.php?rest_route=\/wp\/v2\/posts\/293907"}],"collection":[{"href":"https:\/\/archive.sana.sy\/es\/index.php?rest_route=\/wp\/v2\/posts"}],"about":[{"href":"https:\/\/archive.sana.sy\/es\/index.php?rest_route=\/wp\/v2\/types\/post"}],"author":[{"embeddable":true,"href":"https:\/\/archive.sana.sy\/es\/index.php?rest_route=\/wp\/v2\/users\/24"}],"replies":[{"embeddable":true,"href":"https:\/\/archive.sana.sy\/es\/index.php?rest_route=%2Fwp%2Fv2%2Fcomments&post=293907"}],"version-history":[{"count":4,"href":"https:\/\/archive.sana.sy\/es\/index.php?rest_route=\/wp\/v2\/posts\/293907\/revisions"}],"predecessor-version":[{"id":293915,"href":"https:\/\/archive.sana.sy\/es\/index.php?rest_route=\/wp\/v2\/posts\/293907\/revisions\/293915"}],"wp:featuredmedia":[{"embeddable":true,"href":"https:\/\/archive.sana.sy\/es\/index.php?rest_route=\/wp\/v2\/media\/293908"}],"wp:attachment":[{"href":"https:\/\/archive.sana.sy\/es\/index.php?rest_route=%2Fwp%2Fv2%2Fmedia&parent=293907"}],"wp:term":[{"taxonomy":"category","embeddable":true,"href":"https:\/\/archive.sana.sy\/es\/index.php?rest_route=%2Fwp%2Fv2%2Fcategories&post=293907"},{"taxonomy":"post_tag","embeddable":true,"href":"https:\/\/archive.sana.sy\/es\/index.php?rest_route=%2Fwp%2Fv2%2Ftags&post=293907"}],"curies":[{"name":"wp","href":"https:\/\/api.w.org\/{rel}","templated":true}]}}