{"id":293919,"date":"2023-04-12T20:39:12","date_gmt":"2023-04-12T17:39:12","guid":{"rendered":"http:\/\/sana.sy\/es\/?p=293919"},"modified":"2023-04-12T20:40:25","modified_gmt":"2023-04-12T17:40:25","slug":"siria-y-cuba-abordan-vias-de-optimizar-cooperacion-cultural","status":"publish","type":"post","link":"https:\/\/archive.sana.sy\/es\/?p=293919","title":{"rendered":"Siria y Cuba abordan v\u00edas de optimizar cooperaci\u00f3n cultural"},"content":{"rendered":"<blockquote>\n<p style=\"text-align: justify\"><span style=\"color: #993300\">El intercambio de experiencias en las \u00e1reas de protecci\u00f3n y preservaci\u00f3n del patrimonio material e inmaterial, la m\u00fasica y las artes pl\u00e1sticas, fueron unos de los temas principales debatidos durante la reuni\u00f3n.<\/span><\/p>\n<\/blockquote>\n<p style=\"text-align: justify\"><span style=\"color: #800000\"><strong>Damasco, 12 abr (SANA)<\/strong><\/span> La ministra de Cultura, Lubana Mushaweh, sostuvo este mi\u00e9rcoles una reuni\u00f3n con el embajador extraordinario y plenipotenciario de la Rep\u00fablica de Cuba en Siria, Luis Mariano Fern\u00e1ndez Rodr\u00edguez.<\/p>\n<p style=\"text-align: justify\">Ambas partes abordaron las v\u00edas para potenciar y optimizar la cooperaci\u00f3n cultural entre los dos pa\u00edses amigos.<\/p>\n<p style=\"text-align: justify\">Asimismo, destacaron la importancia de la comunicaci\u00f3n entre Siria y Cuba, de que cada pa\u00eds da a conocer su cultura y tradiciones al pueblo del otro.<\/p>\n<p style=\"text-align: justify\">El intercambio de experiencias en las \u00e1reas de protecci\u00f3n y preservaci\u00f3n del patrimonio material e inmaterial, la m\u00fasica y las artes pl\u00e1sticas, fueron unos de los temas principales debatidos durante la reuni\u00f3n.<\/p>\n<p style=\"text-align: justify\">la\/fm<\/p>\n","protected":false},"excerpt":{"rendered":"<p>El intercambio de experiencias en las \u00e1reas de protecci\u00f3n y preservaci\u00f3n del patrimonio material e inmaterial, la m\u00fasica y las artes pl\u00e1sticas, fueron unos de los temas principales debatidos durante la reuni\u00f3n. Damasco, 12 abr (SANA) La ministra de Cultura, Lubana Mushaweh, sostuvo este mi\u00e9rcoles una reuni\u00f3n con el embajador extraordinario y plenipotenciario de la &hellip;<\/p>\n","protected":false},"author":24,"featured_media":293920,"comment_status":"closed","ping_status":"closed","sticky":false,"template":"","format":"standard","meta":{"footnotes":""},"categories":[447,597,20724,476,448,7541],"tags":[6868,8600,6553],"class_list":["post-293919","post","type-post","status-publish","format-standard","has-post-thumbnail","","category-local-politica","category-cinta-de-noticias","category-minuto-a-minuto","category-locales","category-noticias","category-ultimas-noticias","tag-cuba","tag-cultura","tag-siria"],"_links":{"self":[{"href":"https:\/\/archive.sana.sy\/es\/index.php?rest_route=\/wp\/v2\/posts\/293919"}],"collection":[{"href":"https:\/\/archive.sana.sy\/es\/index.php?rest_route=\/wp\/v2\/posts"}],"about":[{"href":"https:\/\/archive.sana.sy\/es\/index.php?rest_route=\/wp\/v2\/types\/post"}],"author":[{"embeddable":true,"href":"https:\/\/archive.sana.sy\/es\/index.php?rest_route=\/wp\/v2\/users\/24"}],"replies":[{"embeddable":true,"href":"https:\/\/archive.sana.sy\/es\/index.php?rest_route=%2Fwp%2Fv2%2Fcomments&post=293919"}],"version-history":[{"count":2,"href":"https:\/\/archive.sana.sy\/es\/index.php?rest_route=\/wp\/v2\/posts\/293919\/revisions"}],"predecessor-version":[{"id":293922,"href":"https:\/\/archive.sana.sy\/es\/index.php?rest_route=\/wp\/v2\/posts\/293919\/revisions\/293922"}],"wp:featuredmedia":[{"embeddable":true,"href":"https:\/\/archive.sana.sy\/es\/index.php?rest_route=\/wp\/v2\/media\/293920"}],"wp:attachment":[{"href":"https:\/\/archive.sana.sy\/es\/index.php?rest_route=%2Fwp%2Fv2%2Fmedia&parent=293919"}],"wp:term":[{"taxonomy":"category","embeddable":true,"href":"https:\/\/archive.sana.sy\/es\/index.php?rest_route=%2Fwp%2Fv2%2Fcategories&post=293919"},{"taxonomy":"post_tag","embeddable":true,"href":"https:\/\/archive.sana.sy\/es\/index.php?rest_route=%2Fwp%2Fv2%2Ftags&post=293919"}],"curies":[{"name":"wp","href":"https:\/\/api.w.org\/{rel}","templated":true}]}}