{"id":293923,"date":"2023-04-12T20:57:52","date_gmt":"2023-04-12T17:57:52","guid":{"rendered":"http:\/\/sana.sy\/es\/?p=293923"},"modified":"2023-04-12T20:58:28","modified_gmt":"2023-04-12T17:58:28","slug":"palestina-denuncia-restricciones-israelies-al-ingreso-de-los-cristianos-a-la-iglesia-del-santo-sepulcro","status":"publish","type":"post","link":"https:\/\/archive.sana.sy\/es\/?p=293923","title":{"rendered":"Palestina denuncia restricciones israel\u00edes al ingreso de los cristianos al Santo Sepulcro"},"content":{"rendered":"<p style=\"text-align: justify\"><strong><span style=\"color: #800000\">Jerusal\u00e9n ocupada, 12 abr (SANA)<\/span><\/strong> La Presidencia palestina reiter\u00f3 su rotunda condena a los intentos de las autoridades del ocupante israel\u00ed de imponer restricciones al ingreso de los cristianos a la Bas\u00edlica del Santo Sepulcro para celebrar el S\u00e1bado Santo, y advirti\u00f3 sobre el peligro de los continuos ataques israel\u00edes contra los lugares santos en la ciudad ocupada de Jerusal\u00e9n.<\/p>\n<p style=\"text-align: justify\">\u201cApoyamos firmemente las demandas de las iglesias de la ciudad de Jerusal\u00e9n para una llegada c\u00f3moda y sin problemas a los peregrinos cristianos para asistir la misa del S\u00e1bado Santo, y rechazamos en\u00e9rgicamente la escalada de las pr\u00e1cticas israel\u00edes destinadas a imponer restricciones al ingreso de los cristianos en la Iglesia del Santo Sepulcro\u201d, cit\u00f3 la agencia palestina Wafa a la presidencia.<\/p>\n<p style=\"text-align: justify\">Denunci\u00f3 que los continuos cr\u00edmenes israel\u00edes contra el pueblo palestino y sus lugares de culto son \u201cuna grave violaci\u00f3n de las leyes internacionales y la libertad de culto\u201d.<\/p>\n<p style=\"text-align: justify\">Hizo un llamado a la comunidad internacional y a los pueblos libres del mundo para que apoyen al pueblo palestino en su lucha contra la ocupaci\u00f3n, y redoblen esfuerzos para detener estos cr\u00edmenes y violaciones brutales contra los palestinos, musulmanes y cristianos, y contra su tierra y santidades.<\/p>\n<p style=\"text-align: justify\">la<\/p>\n","protected":false},"excerpt":{"rendered":"<p>Jerusal\u00e9n ocupada, 12 abr (SANA) La Presidencia palestina reiter\u00f3 su rotunda condena a los intentos de las autoridades del ocupante israel\u00ed de imponer restricciones al ingreso de los cristianos a la Bas\u00edlica del Santo Sepulcro para celebrar el S\u00e1bado Santo, y advirti\u00f3 sobre el peligro de los continuos ataques israel\u00edes contra los lugares santos en &hellip;<\/p>\n","protected":false},"author":24,"featured_media":293924,"comment_status":"closed","ping_status":"closed","sticky":false,"template":"","format":"standard","meta":{"footnotes":""},"categories":[447,597,456,16687,448],"tags":[1494,21963,21962],"class_list":["post-293923","post","type-post","status-publish","format-standard","has-post-thumbnail","","category-local-politica","category-cinta-de-noticias","category-arabe-internacional-politica","category-internacionales","category-noticias","tag-palestina","tag-restricciones-israelies","tag-santo-sepulcro"],"_links":{"self":[{"href":"https:\/\/archive.sana.sy\/es\/index.php?rest_route=\/wp\/v2\/posts\/293923"}],"collection":[{"href":"https:\/\/archive.sana.sy\/es\/index.php?rest_route=\/wp\/v2\/posts"}],"about":[{"href":"https:\/\/archive.sana.sy\/es\/index.php?rest_route=\/wp\/v2\/types\/post"}],"author":[{"embeddable":true,"href":"https:\/\/archive.sana.sy\/es\/index.php?rest_route=\/wp\/v2\/users\/24"}],"replies":[{"embeddable":true,"href":"https:\/\/archive.sana.sy\/es\/index.php?rest_route=%2Fwp%2Fv2%2Fcomments&post=293923"}],"version-history":[{"count":2,"href":"https:\/\/archive.sana.sy\/es\/index.php?rest_route=\/wp\/v2\/posts\/293923\/revisions"}],"predecessor-version":[{"id":293927,"href":"https:\/\/archive.sana.sy\/es\/index.php?rest_route=\/wp\/v2\/posts\/293923\/revisions\/293927"}],"wp:featuredmedia":[{"embeddable":true,"href":"https:\/\/archive.sana.sy\/es\/index.php?rest_route=\/wp\/v2\/media\/293924"}],"wp:attachment":[{"href":"https:\/\/archive.sana.sy\/es\/index.php?rest_route=%2Fwp%2Fv2%2Fmedia&parent=293923"}],"wp:term":[{"taxonomy":"category","embeddable":true,"href":"https:\/\/archive.sana.sy\/es\/index.php?rest_route=%2Fwp%2Fv2%2Fcategories&post=293923"},{"taxonomy":"post_tag","embeddable":true,"href":"https:\/\/archive.sana.sy\/es\/index.php?rest_route=%2Fwp%2Fv2%2Ftags&post=293923"}],"curies":[{"name":"wp","href":"https:\/\/api.w.org\/{rel}","templated":true}]}}