{"id":293970,"date":"2023-04-13T13:27:35","date_gmt":"2023-04-13T10:27:35","guid":{"rendered":"http:\/\/sana.sy\/es\/?p=293970"},"modified":"2023-04-13T13:28:48","modified_gmt":"2023-04-13T10:28:48","slug":"oman-apoya-resultados-de-la-reunion-entre-los-cancilleres-saudita-y-sirio","status":"publish","type":"post","link":"https:\/\/archive.sana.sy\/es\/?p=293970","title":{"rendered":"Om\u00e1n apoya resultados de la reuni\u00f3n entre los cancilleres saudita y sirio"},"content":{"rendered":"<blockquote>\n<p style=\"text-align: justify;\"><span style=\"color: #800000;\">Siria y Arabia Saudita anunciaron el inicio del proceso de reanudaci\u00f3n de los servicios consulares y los vuelos entre los dos pa\u00edses, as\u00ed como destacaron la importancia de consolidar la seguridad y luchar contra el terrorismo en todas sus formas y organizaciones.<\/span><\/p>\n<\/blockquote>\n<p style=\"text-align: justify;\"><span style=\"color: #800000;\"><strong>Mascate, 13 abr (SANA)<\/strong><\/span>\u00a0 \u00a0El Sultanato de Om\u00e1n acogi\u00f3 con benepl\u00e1cito el comunicado de prensa conjunto emitido al final de la visita del ministro de Asuntos Exteriores de Siria, Faisal Al-Mekdad, al Reino de Arabia Saudita.<\/p>\n<p style=\"text-align: justify;\">Nuestro pa\u00eds apoya todos los esfuerzos para devolver a Siria a su entorno \u00e1rabe, recuperar su papel activo en el mundo \u00e1rabe y alcanzar una soluci\u00f3n pol\u00edtica a la crisis que preserve la unidad y la estabilidad del territorio sirio, afirm\u00f3 la Canciller\u00eda de Om\u00e1n por medio de una declaraci\u00f3n.<\/p>\n<p style=\"text-align: justify;\">La nota reiter\u00f3 el respaldo del Estado Oman\u00ed a las instituciones del gobierno sirio para que extiendan su control sobre todas las tierras sirias, de manera que contribuya a lograr la seguridad y la estabilidad en la regi\u00f3n.<\/p>\n<p style=\"text-align: justify;\">Siria y Arabia Saudita anunciaron el inicio del proceso de reanudaci\u00f3n de los servicios consulares y los vuelos entre los dos pa\u00edses, as\u00ed como destacaron la importancia de consolidar la seguridad y luchar contra el terrorismo en todas sus formas y organizaciones.<\/p>\n<p style=\"text-align: justify;\"><strong>ws\/fm<\/strong><\/p>\n","protected":false},"excerpt":{"rendered":"<p>Siria y Arabia Saudita anunciaron el inicio del proceso de reanudaci\u00f3n de los servicios consulares y los vuelos entre los dos pa\u00edses, as\u00ed como destacaron la importancia de consolidar la seguridad y luchar contra el terrorismo en todas sus formas y organizaciones. Mascate, 13 abr (SANA)\u00a0 \u00a0El Sultanato de Om\u00e1n acogi\u00f3 con benepl\u00e1cito el comunicado &hellip;<\/p>\n","protected":false},"author":35,"featured_media":293971,"comment_status":"closed","ping_status":"closed","sticky":false,"template":"","format":"standard","meta":{"footnotes":""},"categories":[477,447,597,20724,467,7541],"tags":[],"class_list":["post-293970","post","type-post","status-publish","format-standard","has-post-thumbnail","","category-noticias-edulcorantes","category-local-politica","category-cinta-de-noticias","category-minuto-a-minuto","category-siria-y-el-mundo","category-ultimas-noticias"],"_links":{"self":[{"href":"https:\/\/archive.sana.sy\/es\/index.php?rest_route=\/wp\/v2\/posts\/293970"}],"collection":[{"href":"https:\/\/archive.sana.sy\/es\/index.php?rest_route=\/wp\/v2\/posts"}],"about":[{"href":"https:\/\/archive.sana.sy\/es\/index.php?rest_route=\/wp\/v2\/types\/post"}],"author":[{"embeddable":true,"href":"https:\/\/archive.sana.sy\/es\/index.php?rest_route=\/wp\/v2\/users\/35"}],"replies":[{"embeddable":true,"href":"https:\/\/archive.sana.sy\/es\/index.php?rest_route=%2Fwp%2Fv2%2Fcomments&post=293970"}],"version-history":[{"count":2,"href":"https:\/\/archive.sana.sy\/es\/index.php?rest_route=\/wp\/v2\/posts\/293970\/revisions"}],"predecessor-version":[{"id":293973,"href":"https:\/\/archive.sana.sy\/es\/index.php?rest_route=\/wp\/v2\/posts\/293970\/revisions\/293973"}],"wp:featuredmedia":[{"embeddable":true,"href":"https:\/\/archive.sana.sy\/es\/index.php?rest_route=\/wp\/v2\/media\/293971"}],"wp:attachment":[{"href":"https:\/\/archive.sana.sy\/es\/index.php?rest_route=%2Fwp%2Fv2%2Fmedia&parent=293970"}],"wp:term":[{"taxonomy":"category","embeddable":true,"href":"https:\/\/archive.sana.sy\/es\/index.php?rest_route=%2Fwp%2Fv2%2Fcategories&post=293970"},{"taxonomy":"post_tag","embeddable":true,"href":"https:\/\/archive.sana.sy\/es\/index.php?rest_route=%2Fwp%2Fv2%2Ftags&post=293970"}],"curies":[{"name":"wp","href":"https:\/\/api.w.org\/{rel}","templated":true}]}}