{"id":294177,"date":"2023-04-15T13:42:11","date_gmt":"2023-04-15T10:42:11","guid":{"rendered":"http:\/\/sana.sy\/es\/?p=294177"},"modified":"2023-04-15T13:42:11","modified_gmt":"2023-04-15T10:42:11","slug":"da-silva-washington-y-la-union-europea-deberian-hablar-de-paz-en-ucrania-2","status":"publish","type":"post","link":"https:\/\/archive.sana.sy\/es\/?p=294177","title":{"rendered":"Da Silva: Washington y la Uni\u00f3n Europea deber\u00edan hablar de paz en Ucrania"},"content":{"rendered":"<p style=\"text-align: justify;\"><span style=\"color: #800000;\"><strong>Beijing, 15 abr (SANA)\u00a0<\/strong><\/span> \u00a0El presidente brasile\u00f1o, Luiz In\u00e1cio Lula da Silva, llam\u00f3 hoy a Estados Unidos que deje de &#8220;alentar el conflicto&#8221; en Ucrania y comience a hablar de paz, en referencia a su continuo suministro de armas al r\u00e9gimen ucraniano.<\/p>\n<p style=\"text-align: justify;\">\u201cEstados Unidos debe dejar de alentar el conflicto y comenzar a hablar de paz, al igual que la Uni\u00f3n Europea\u201d, dijo el mandatario brasile\u00f1o a los periodistas al final de su visita a China.<\/p>\n<p style=\"text-align: justify;\">Los pa\u00edses occidentales, liderados por los Estados Unidos, buscan a trav\u00e9s del bombeo material, militar y pol\u00edtico del r\u00e9gimen ucraniano, obstruir los objetivos de la operaci\u00f3n militar especial rusa en Ucrania y prolongar la crisis all\u00ed.<\/p>\n<p style=\"text-align: justify;\">ah\/fm<\/p>\n","protected":false},"excerpt":{"rendered":"<p>Beijing, 15 abr (SANA)\u00a0 \u00a0El presidente brasile\u00f1o, Luiz In\u00e1cio Lula da Silva, llam\u00f3 hoy a Estados Unidos que deje de &#8220;alentar el conflicto&#8221; en Ucrania y comience a hablar de paz, en referencia a su continuo suministro de armas al r\u00e9gimen ucraniano. \u201cEstados Unidos debe dejar de alentar el conflicto y comenzar a hablar de &hellip;<\/p>\n","protected":false},"author":32,"featured_media":294178,"comment_status":"closed","ping_status":"closed","sticky":false,"template":"","format":"standard","meta":{"footnotes":""},"categories":[597,456,16687,7541],"tags":[],"class_list":["post-294177","post","type-post","status-publish","format-standard","has-post-thumbnail","","category-cinta-de-noticias","category-arabe-internacional-politica","category-internacionales","category-ultimas-noticias"],"_links":{"self":[{"href":"https:\/\/archive.sana.sy\/es\/index.php?rest_route=\/wp\/v2\/posts\/294177"}],"collection":[{"href":"https:\/\/archive.sana.sy\/es\/index.php?rest_route=\/wp\/v2\/posts"}],"about":[{"href":"https:\/\/archive.sana.sy\/es\/index.php?rest_route=\/wp\/v2\/types\/post"}],"author":[{"embeddable":true,"href":"https:\/\/archive.sana.sy\/es\/index.php?rest_route=\/wp\/v2\/users\/32"}],"replies":[{"embeddable":true,"href":"https:\/\/archive.sana.sy\/es\/index.php?rest_route=%2Fwp%2Fv2%2Fcomments&post=294177"}],"version-history":[{"count":1,"href":"https:\/\/archive.sana.sy\/es\/index.php?rest_route=\/wp\/v2\/posts\/294177\/revisions"}],"predecessor-version":[{"id":294179,"href":"https:\/\/archive.sana.sy\/es\/index.php?rest_route=\/wp\/v2\/posts\/294177\/revisions\/294179"}],"wp:featuredmedia":[{"embeddable":true,"href":"https:\/\/archive.sana.sy\/es\/index.php?rest_route=\/wp\/v2\/media\/294178"}],"wp:attachment":[{"href":"https:\/\/archive.sana.sy\/es\/index.php?rest_route=%2Fwp%2Fv2%2Fmedia&parent=294177"}],"wp:term":[{"taxonomy":"category","embeddable":true,"href":"https:\/\/archive.sana.sy\/es\/index.php?rest_route=%2Fwp%2Fv2%2Fcategories&post=294177"},{"taxonomy":"post_tag","embeddable":true,"href":"https:\/\/archive.sana.sy\/es\/index.php?rest_route=%2Fwp%2Fv2%2Ftags&post=294177"}],"curies":[{"name":"wp","href":"https:\/\/api.w.org\/{rel}","templated":true}]}}