{"id":294186,"date":"2023-04-15T14:42:31","date_gmt":"2023-04-15T11:42:31","guid":{"rendered":"http:\/\/sana.sy\/es\/?p=294186"},"modified":"2023-04-15T16:46:24","modified_gmt":"2023-04-15T13:46:24","slug":"canciller-sirio-inicia-visita-a-argelia","status":"publish","type":"post","link":"https:\/\/archive.sana.sy\/es\/?p=294186","title":{"rendered":"Canciller sirio inicia visita a Argelia"},"content":{"rendered":"<p style=\"text-align: justify;\"><span style=\"color: #800000;\"><strong>Damasco, 15 abr (SANA)\u00a0<\/strong><\/span> El ministro de Asuntos Exteriores de Siria, Faisal Al-Mekdad, inicia una visita oficial a Argelia.<\/p>\n<p style=\"text-align: justify;\"><img loading=\"lazy\" decoding=\"async\" class=\" wp-image-294194 alignleft\" src=\"http:\/\/sana.sy\/es\/wp-content\/uploads\/2023\/04\/1212.jpg\" alt=\"\" width=\"321\" height=\"180\" srcset=\"https:\/\/archive.sana.sy\/es\/wp-content\/uploads\/2023\/04\/1212.jpg 300w, https:\/\/archive.sana.sy\/es\/wp-content\/uploads\/2023\/04\/1212-150x84.jpg 150w\" sizes=\"(max-width: 321px) 100vw, 321px\" \/>Durante la visita, el jefe de la diplomacia siria mantendr\u00e1 conversaciones con las autoridades argelinas con el objetivo de fortalecer las relaciones bilaterales entre los dos pa\u00edses hermanos y las medios para desarrollarlas, adem\u00e1s de repasar los \u00faltimos acontecimientos en el \u00e1mbito \u00e1rabe e internacional, y coordinar posiciones entre los dos pa\u00edses.<\/p>\n<p style=\"text-align: justify;\">A su llegada al Aeropuerto Internacional Houari Boumediene, el ministro fue recibido por su hom\u00f3logo, Ahmed Ataf.<\/p>\n<p style=\"text-align: justify;\"><strong>Al-Mekdad: Las consultas con Argelia nunca fueron interrumpidas<\/strong><\/p>\n<p style=\"text-align: justify;\">En una declaraci\u00f3n a los periodistas, el canciller sirio destac\u00f3 las fuertes relaciones con el pueblo y gobierno de Argelia, que siempre han apoyado a Siria.<\/p>\n<p style=\"text-align: justify;\">Las consultas con Argelia nunca fueron interrumpidas, y necesitamos fortalecer y desarrollar relaciones bilaterales, opin\u00f3 Al-Mekdad.<\/p>\n<p style=\"text-align: justify;\"><img loading=\"lazy\" decoding=\"async\" class=\" wp-image-294196 alignleft\" src=\"http:\/\/sana.sy\/es\/wp-content\/uploads\/2023\/04\/photo_2023-04-15_14-44-06-300x204.jpg\" alt=\"\" width=\"328\" height=\"223\" srcset=\"https:\/\/archive.sana.sy\/es\/wp-content\/uploads\/2023\/04\/photo_2023-04-15_14-44-06-300x204.jpg 300w, https:\/\/archive.sana.sy\/es\/wp-content\/uploads\/2023\/04\/photo_2023-04-15_14-44-06-1024x695.jpg 1024w, https:\/\/archive.sana.sy\/es\/wp-content\/uploads\/2023\/04\/photo_2023-04-15_14-44-06-150x102.jpg 150w, https:\/\/archive.sana.sy\/es\/wp-content\/uploads\/2023\/04\/photo_2023-04-15_14-44-06-768x521.jpg 768w, https:\/\/archive.sana.sy\/es\/wp-content\/uploads\/2023\/04\/photo_2023-04-15_14-44-06-110x75.jpg 110w, https:\/\/archive.sana.sy\/es\/wp-content\/uploads\/2023\/04\/photo_2023-04-15_14-44-06.jpg 1280w\" sizes=\"(max-width: 328px) 100vw, 328px\" \/>Destac\u00f3 que su visita a Argelia es una expresi\u00f3n de los sentimientos sinceros de los l\u00edderes sirios hacia esta naci\u00f3n hermana.<\/p>\n<p style=\"text-align: justify;\">Agradeci\u00f3 a Argelia por apoyar a Siria para enfrentar el desastre del terremoto.<\/p>\n<p style=\"text-align: justify;\">fm\/ed<\/p>\n<p style=\"text-align: justify;\">\n","protected":false},"excerpt":{"rendered":"<p>Damasco, 15 abr (SANA)\u00a0 El ministro de Asuntos Exteriores de Siria, Faisal Al-Mekdad, inicia una visita oficial a Argelia. Durante la visita, el jefe de la diplomacia siria mantendr\u00e1 conversaciones con las autoridades argelinas con el objetivo de fortalecer las relaciones bilaterales entre los dos pa\u00edses hermanos y las medios para desarrollarlas, adem\u00e1s de repasar &hellip;<\/p>\n","protected":false},"author":32,"featured_media":294205,"comment_status":"closed","ping_status":"closed","sticky":false,"template":"","format":"standard","meta":{"footnotes":""},"categories":[597,467,583],"tags":[],"class_list":["post-294186","post","type-post","status-publish","format-standard","has-post-thumbnail","","category-cinta-de-noticias","category-siria-y-el-mundo","category-slide"],"_links":{"self":[{"href":"https:\/\/archive.sana.sy\/es\/index.php?rest_route=\/wp\/v2\/posts\/294186"}],"collection":[{"href":"https:\/\/archive.sana.sy\/es\/index.php?rest_route=\/wp\/v2\/posts"}],"about":[{"href":"https:\/\/archive.sana.sy\/es\/index.php?rest_route=\/wp\/v2\/types\/post"}],"author":[{"embeddable":true,"href":"https:\/\/archive.sana.sy\/es\/index.php?rest_route=\/wp\/v2\/users\/32"}],"replies":[{"embeddable":true,"href":"https:\/\/archive.sana.sy\/es\/index.php?rest_route=%2Fwp%2Fv2%2Fcomments&post=294186"}],"version-history":[{"count":5,"href":"https:\/\/archive.sana.sy\/es\/index.php?rest_route=\/wp\/v2\/posts\/294186\/revisions"}],"predecessor-version":[{"id":294197,"href":"https:\/\/archive.sana.sy\/es\/index.php?rest_route=\/wp\/v2\/posts\/294186\/revisions\/294197"}],"wp:featuredmedia":[{"embeddable":true,"href":"https:\/\/archive.sana.sy\/es\/index.php?rest_route=\/wp\/v2\/media\/294205"}],"wp:attachment":[{"href":"https:\/\/archive.sana.sy\/es\/index.php?rest_route=%2Fwp%2Fv2%2Fmedia&parent=294186"}],"wp:term":[{"taxonomy":"category","embeddable":true,"href":"https:\/\/archive.sana.sy\/es\/index.php?rest_route=%2Fwp%2Fv2%2Fcategories&post=294186"},{"taxonomy":"post_tag","embeddable":true,"href":"https:\/\/archive.sana.sy\/es\/index.php?rest_route=%2Fwp%2Fv2%2Ftags&post=294186"}],"curies":[{"name":"wp","href":"https:\/\/api.w.org\/{rel}","templated":true}]}}