{"id":294198,"date":"2023-04-15T16:00:12","date_gmt":"2023-04-15T13:00:12","guid":{"rendered":"http:\/\/sana.sy\/es\/?p=294198"},"modified":"2023-04-15T16:00:35","modified_gmt":"2023-04-15T13:00:35","slug":"violentos-choques-en-jartum-la-capital-sudanesa","status":"publish","type":"post","link":"https:\/\/archive.sana.sy\/es\/?p=294198","title":{"rendered":"Violentos choques en Jartum, la capital sudanesa"},"content":{"rendered":"<blockquote>\n<p style=\"text-align: justify;\"><span style=\"color: #993300;\">\u00a0La capital sudanesa, Jartum, y otras ciudades fueron escenarios de enfrentamientos entre las fuerzas del ej\u00e9rcito sudan\u00e9s y las Fuerzas de Apoyo R\u00e1pido, que hasta el momento se saldaron con varias bajas entre militares y civiles.<\/span><\/p>\n<\/blockquote>\n<p style=\"text-align: justify;\"><span style=\"color: #800000;\"><strong>Jartum, 15 abr (SANA)\u00a0<\/strong><\/span> \u00a0La capital sudanesa, Jartum, y otras ciudades fueron escenarios de enfrentamientos entre las fuerzas del ej\u00e9rcito sudan\u00e9s y las Fuerzas de Apoyo R\u00e1pido, que hasta el momento se saldaron con varias bajas entre militares y civiles.<\/p>\n<p style=\"text-align: justify;\">Las dos partes intercambiaron acusaciones sobre la causa de estos enfrentamientos, ya que el ej\u00e9rcito sudan\u00e9s anunci\u00f3 en un comunicado publicado por medios sudaneses, que \u201clas Fuerzas de Apoyo R\u00e1pido atacaron muchas de sus bases en Jartum y otras \u00e1reas en Sud\u00e1n, lo que provoc\u00f3 el estallido de enfrentamientos que a\u00fan contin\u00faan en muchos lugares\u201d.<\/p>\n<p style=\"text-align: justify;\">Ambas partes se acusan mutuamente del inicio de las hostilidades y el portal Al Sudani asegur\u00f3 que el aeropuerto internacional de Jartum dej\u00f3 de recibir vuelos en medio de enfrentamientos.<\/p>\n<p style=\"text-align: justify;\">Sud\u00e1n atraviesa una profunda crisis tras el derrocamiento, en abril de 2019, del presidente Omar al Bashir, quien gobern\u00f3 el pa\u00eds durante tres d\u00e9cadas.<\/p>\n<p style=\"text-align: justify;\">fm\/ed<\/p>\n","protected":false},"excerpt":{"rendered":"<p>\u00a0La capital sudanesa, Jartum, y otras ciudades fueron escenarios de enfrentamientos entre las fuerzas del ej\u00e9rcito sudan\u00e9s y las Fuerzas de Apoyo R\u00e1pido, que hasta el momento se saldaron con varias bajas entre militares y civiles. Jartum, 15 abr (SANA)\u00a0 \u00a0La capital sudanesa, Jartum, y otras ciudades fueron escenarios de enfrentamientos entre las fuerzas del &hellip;<\/p>\n","protected":false},"author":32,"featured_media":294199,"comment_status":"closed","ping_status":"closed","sticky":false,"template":"","format":"standard","meta":{"footnotes":""},"categories":[597,456,16687,7541],"tags":[],"class_list":["post-294198","post","type-post","status-publish","format-standard","has-post-thumbnail","","category-cinta-de-noticias","category-arabe-internacional-politica","category-internacionales","category-ultimas-noticias"],"_links":{"self":[{"href":"https:\/\/archive.sana.sy\/es\/index.php?rest_route=\/wp\/v2\/posts\/294198"}],"collection":[{"href":"https:\/\/archive.sana.sy\/es\/index.php?rest_route=\/wp\/v2\/posts"}],"about":[{"href":"https:\/\/archive.sana.sy\/es\/index.php?rest_route=\/wp\/v2\/types\/post"}],"author":[{"embeddable":true,"href":"https:\/\/archive.sana.sy\/es\/index.php?rest_route=\/wp\/v2\/users\/32"}],"replies":[{"embeddable":true,"href":"https:\/\/archive.sana.sy\/es\/index.php?rest_route=%2Fwp%2Fv2%2Fcomments&post=294198"}],"version-history":[{"count":1,"href":"https:\/\/archive.sana.sy\/es\/index.php?rest_route=\/wp\/v2\/posts\/294198\/revisions"}],"predecessor-version":[{"id":294200,"href":"https:\/\/archive.sana.sy\/es\/index.php?rest_route=\/wp\/v2\/posts\/294198\/revisions\/294200"}],"wp:featuredmedia":[{"embeddable":true,"href":"https:\/\/archive.sana.sy\/es\/index.php?rest_route=\/wp\/v2\/media\/294199"}],"wp:attachment":[{"href":"https:\/\/archive.sana.sy\/es\/index.php?rest_route=%2Fwp%2Fv2%2Fmedia&parent=294198"}],"wp:term":[{"taxonomy":"category","embeddable":true,"href":"https:\/\/archive.sana.sy\/es\/index.php?rest_route=%2Fwp%2Fv2%2Fcategories&post=294198"},{"taxonomy":"post_tag","embeddable":true,"href":"https:\/\/archive.sana.sy\/es\/index.php?rest_route=%2Fwp%2Fv2%2Ftags&post=294198"}],"curies":[{"name":"wp","href":"https:\/\/api.w.org\/{rel}","templated":true}]}}