{"id":294201,"date":"2023-04-15T16:25:41","date_gmt":"2023-04-15T13:25:41","guid":{"rendered":"http:\/\/sana.sy\/es\/?p=294201"},"modified":"2023-04-15T16:25:41","modified_gmt":"2023-04-15T13:25:41","slug":"polonia-desapareceria-del-mapa-en-caso-de-guerra-entre-rusia-y-la-otan-alerta-medvedev","status":"publish","type":"post","link":"https:\/\/archive.sana.sy\/es\/?p=294201","title":{"rendered":"Polonia desaparecer\u00eda del mapa en caso de guerra entre Rusia y la OTAN, alerta Medv\u00e9dev"},"content":{"rendered":"<p style=\"text-align: justify;\"><span style=\"color: #800000;\"><strong>Mosc\u00fa, 15 abr (SANA)\u00a0<\/strong> <\/span>El vicepresidente del Consejo de Seguridad de Rusia, Dmitri Medv\u00e9dev, asever\u00f3 que Polonia dejar\u00eda de existir si se desatara una guerra entre Mosc\u00fa y la OTAN.<\/p>\n<p style=\"text-align: justify;\">Citado por RT, el expresidente respondi\u00f3 a las declaraciones del primer ministro polaco, Mateusz Morawiecki, en una entrevista con el canal estadounidense NBC en la que habl\u00f3 del conflicto en Ucrania.<\/p>\n<p style=\"text-align: justify;\">Preguntado sobre si cree que los ataques ucranianos contra objetivos en Rusia pueden desembocar en &#8220;una guerra m\u00e1s amplia, arrastrando a Polonia al conflicto&#8221;, el pol\u00edtico dijo que no est\u00e1 tan preocupado, dado que se tratar\u00eda de una &#8220;guerra entre Rusia y la OTAN, y Rusia perder\u00eda esta guerra muy r\u00e1pidamente&#8221;.<\/p>\n<p style=\"text-align: justify;\">Por su parte, Medv\u00e9dev tuite\u00f3 que no est\u00e1 seguro acerca de qui\u00e9n saldr\u00eda victorioso en un conflicto abierto entre Mosc\u00fa y la Alianza, si bien &#8220;teniendo en cuenta el rol de Polonia como avanzadilla de la OTAN en Europa&#8221;, el pa\u00eds eslavo &#8220;seguramente desaparecer\u00e1 junto con su est\u00fapido primer ministro&#8221;.<\/p>\n<p style=\"text-align: justify;\">fm\/ed<\/p>\n","protected":false},"excerpt":{"rendered":"<p>Mosc\u00fa, 15 abr (SANA)\u00a0 El vicepresidente del Consejo de Seguridad de Rusia, Dmitri Medv\u00e9dev, asever\u00f3 que Polonia dejar\u00eda de existir si se desatara una guerra entre Mosc\u00fa y la OTAN. Citado por RT, el expresidente respondi\u00f3 a las declaraciones del primer ministro polaco, Mateusz Morawiecki, en una entrevista con el canal estadounidense NBC en la &hellip;<\/p>\n","protected":false},"author":32,"featured_media":294202,"comment_status":"closed","ping_status":"closed","sticky":false,"template":"","format":"standard","meta":{"footnotes":""},"categories":[597,456,16687,7541],"tags":[],"class_list":["post-294201","post","type-post","status-publish","format-standard","has-post-thumbnail","","category-cinta-de-noticias","category-arabe-internacional-politica","category-internacionales","category-ultimas-noticias"],"_links":{"self":[{"href":"https:\/\/archive.sana.sy\/es\/index.php?rest_route=\/wp\/v2\/posts\/294201"}],"collection":[{"href":"https:\/\/archive.sana.sy\/es\/index.php?rest_route=\/wp\/v2\/posts"}],"about":[{"href":"https:\/\/archive.sana.sy\/es\/index.php?rest_route=\/wp\/v2\/types\/post"}],"author":[{"embeddable":true,"href":"https:\/\/archive.sana.sy\/es\/index.php?rest_route=\/wp\/v2\/users\/32"}],"replies":[{"embeddable":true,"href":"https:\/\/archive.sana.sy\/es\/index.php?rest_route=%2Fwp%2Fv2%2Fcomments&post=294201"}],"version-history":[{"count":1,"href":"https:\/\/archive.sana.sy\/es\/index.php?rest_route=\/wp\/v2\/posts\/294201\/revisions"}],"predecessor-version":[{"id":294203,"href":"https:\/\/archive.sana.sy\/es\/index.php?rest_route=\/wp\/v2\/posts\/294201\/revisions\/294203"}],"wp:featuredmedia":[{"embeddable":true,"href":"https:\/\/archive.sana.sy\/es\/index.php?rest_route=\/wp\/v2\/media\/294202"}],"wp:attachment":[{"href":"https:\/\/archive.sana.sy\/es\/index.php?rest_route=%2Fwp%2Fv2%2Fmedia&parent=294201"}],"wp:term":[{"taxonomy":"category","embeddable":true,"href":"https:\/\/archive.sana.sy\/es\/index.php?rest_route=%2Fwp%2Fv2%2Fcategories&post=294201"},{"taxonomy":"post_tag","embeddable":true,"href":"https:\/\/archive.sana.sy\/es\/index.php?rest_route=%2Fwp%2Fv2%2Ftags&post=294201"}],"curies":[{"name":"wp","href":"https:\/\/api.w.org\/{rel}","templated":true}]}}