{"id":294206,"date":"2023-04-15T14:40:40","date_gmt":"2023-04-15T11:40:40","guid":{"rendered":"http:\/\/sana.sy\/es\/?p=294206"},"modified":"2023-04-15T17:21:09","modified_gmt":"2023-04-15T14:21:09","slug":"feroces-batallas-se-llevan-a-cabo-en-artemovsk-y-los-destacamentos-wagner-avanzan-y-capturan-dos-barrios","status":"publish","type":"post","link":"https:\/\/archive.sana.sy\/es\/?p=294206","title":{"rendered":"Feroces batallas se llevan a cabo en Artemovsk y los destacamentos Wagner avanzan y capturan dos barrios"},"content":{"rendered":"<p style=\"text-align: justify;\"><span style=\"color: #800000;\">Mosc\u00fa, 15 abr (SANA)\u00a0\u00a0<\/span> El informe del Ministerio de Defensa de la Federaci\u00f3n Rusa sobre el progreso de la operaci\u00f3n militar especial en Ucrania indic\u00f3 que hasta 40 militares ucranianos fueron neutralizados, y un blindado de transporte de personal y dos veh\u00edculos fueron destruidos en la direcci\u00f3n de Kupyansk, donde los ataques a\u00e9reos y el fuego de artiller\u00eda del grupo de tropas &#8220;Occidental&#8221; golpearon las unidades de las Fuerzas Armadas de Ucrania.<\/p>\n<p style=\"text-align: justify;\"><img loading=\"lazy\" decoding=\"async\" class=\"size-medium wp-image-294207 alignleft\" src=\"http:\/\/sana.sy\/es\/wp-content\/uploads\/2023\/04\/Feroces-batallas-se-llevan-a-cabo-en-Artemovsk-y-los-destacamentos-Wagner-avanzan-y-capturan-dos-barrios1-300x169.jpeg\" alt=\"\" width=\"300\" height=\"169\" srcset=\"https:\/\/archive.sana.sy\/es\/wp-content\/uploads\/2023\/04\/Feroces-batallas-se-llevan-a-cabo-en-Artemovsk-y-los-destacamentos-Wagner-avanzan-y-capturan-dos-barrios1-300x169.jpeg 300w, https:\/\/archive.sana.sy\/es\/wp-content\/uploads\/2023\/04\/Feroces-batallas-se-llevan-a-cabo-en-Artemovsk-y-los-destacamentos-Wagner-avanzan-y-capturan-dos-barrios1-1024x576.jpeg 1024w, https:\/\/archive.sana.sy\/es\/wp-content\/uploads\/2023\/04\/Feroces-batallas-se-llevan-a-cabo-en-Artemovsk-y-los-destacamentos-Wagner-avanzan-y-capturan-dos-barrios1-150x84.jpeg 150w, https:\/\/archive.sana.sy\/es\/wp-content\/uploads\/2023\/04\/Feroces-batallas-se-llevan-a-cabo-en-Artemovsk-y-los-destacamentos-Wagner-avanzan-y-capturan-dos-barrios1-768x432.jpeg 768w, https:\/\/archive.sana.sy\/es\/wp-content\/uploads\/2023\/04\/Feroces-batallas-se-llevan-a-cabo-en-Artemovsk-y-los-destacamentos-Wagner-avanzan-y-capturan-dos-barrios1.jpeg 1366w\" sizes=\"(max-width: 300px) 100vw, 300px\" \/><\/p>\n<p style=\"text-align: justify;\">En la direcci\u00f3n Krasno-Limansky, m\u00e1s de 60 militares ucranianos fueron eliminados mientras dos veh\u00edculos blindados de combate, una camioneta, as\u00ed como obuses D-20 y D-30 fueron destruidos en este frente.<\/p>\n<p style=\"text-align: justify;\">Por otro lado, se llevan a cabo batallas feroces en la ciudad de Artemovsk, donde los destacamentos de asalto Wagner avanzaron con \u00e9xito y capturaron dos barrios en las afueras del norte y sur de la ciudad.<\/p>\n<p style=\"text-align: justify;\">Las unidades de las Fuerzas Armadas de Ucrania que permanecen en Artemovsk destruyen deliberadamente la infraestructura urbana y los edificios residenciales para frenar el avance de las tropas rusas.<\/p>\n<p style=\"text-align: justify;\">En las \u00e1reas de los asentamientos de Krasnoe, Kalinovka y Bogdanovka de la Rep\u00fablica Popular de Donetsk, las unidades de las Fuerzas Armadas de Ucrania fueron alcanzadas por aviaci\u00f3n operacional-t\u00e1ctica y el fuego de misiles y artiller\u00eda.<\/p>\n<p style=\"text-align: justify;\">Las p\u00e9rdidas totales enemigas en esta direcci\u00f3n durante un solo d\u00eda ascendieron a m\u00e1s de 315 militares y mercenarios, dos veh\u00edculos blindados de combate, tres veh\u00edculos, obuses D-20 y Msta-B, as\u00ed como un veh\u00edculo de combate Grad MLRS.<\/p>\n<p style=\"text-align: justify;\"><img loading=\"lazy\" decoding=\"async\" class=\"size-medium wp-image-294208 alignleft\" src=\"http:\/\/sana.sy\/es\/wp-content\/uploads\/2023\/04\/Feroces-batallas-se-llevan-a-cabo-en-Artemovsk-y-los-destacamentos-Wagner-avanzan-y-capturan-dos-barrios2-300x169.jpeg\" alt=\"\" width=\"300\" height=\"169\" srcset=\"https:\/\/archive.sana.sy\/es\/wp-content\/uploads\/2023\/04\/Feroces-batallas-se-llevan-a-cabo-en-Artemovsk-y-los-destacamentos-Wagner-avanzan-y-capturan-dos-barrios2-300x169.jpeg 300w, https:\/\/archive.sana.sy\/es\/wp-content\/uploads\/2023\/04\/Feroces-batallas-se-llevan-a-cabo-en-Artemovsk-y-los-destacamentos-Wagner-avanzan-y-capturan-dos-barrios2-1024x576.jpeg 1024w, https:\/\/archive.sana.sy\/es\/wp-content\/uploads\/2023\/04\/Feroces-batallas-se-llevan-a-cabo-en-Artemovsk-y-los-destacamentos-Wagner-avanzan-y-capturan-dos-barrios2-150x84.jpeg 150w, https:\/\/archive.sana.sy\/es\/wp-content\/uploads\/2023\/04\/Feroces-batallas-se-llevan-a-cabo-en-Artemovsk-y-los-destacamentos-Wagner-avanzan-y-capturan-dos-barrios2-768x432.jpeg 768w, https:\/\/archive.sana.sy\/es\/wp-content\/uploads\/2023\/04\/Feroces-batallas-se-llevan-a-cabo-en-Artemovsk-y-los-destacamentos-Wagner-avanzan-y-capturan-dos-barrios2.jpeg 1366w\" sizes=\"(max-width: 300px) 100vw, 300px\" \/><\/p>\n<p style=\"text-align: justify;\">En las direcciones Sur-Donetsk y Zaporozhie, los ataques a\u00e9reos y el fuego de artiller\u00eda del grupo de tropas Vostok derrotaron las unidades enemigas en las \u00e1reas de los asentamientos Novomikhailovka y Vugledar de la Rep\u00fablica Popular de Donetsk.<\/p>\n<p style=\"text-align: justify;\">Durante el d\u00eda, hasta 30 militares ucranianos fuer9on neutralizados, mientras una camioneta y dos obuses Msta-B y D-30 fueron destruidos en estas \u00e1reas.<\/p>\n<p style=\"text-align: justify;\">En la direcci\u00f3n de Jers\u00f3n, hasta 15 militares ucranianos, dos autom\u00f3viles y tres piezas de artiller\u00eda autopropulsada Gvozdika fueron destruidos.<\/p>\n<p style=\"text-align: justify;\">En el \u00e1rea de la ciudad de Slavyansk en la Rep\u00fablica Popular de Donetsk, fue destruido un almac\u00e9n de combustibles y lubricantes de la Brigada Aerom\u00f3vil 81 de las Fuerzas Armadas de Ucrania.<\/p>\n<p style=\"text-align: justify;\">Los sistemas de defensa a\u00e9rea interceptaron cinco cohetes HIMARS\u00a0 y tres veh\u00edculos a\u00e9reos no tripulados ucranianos.<\/p>\n<p style=\"text-align: justify;\">fm\/sm<\/p>\n","protected":false},"excerpt":{"rendered":"<p>Mosc\u00fa, 15 abr (SANA)\u00a0\u00a0 El informe del Ministerio de Defensa de la Federaci\u00f3n Rusa sobre el progreso de la operaci\u00f3n militar especial en Ucrania indic\u00f3 que hasta 40 militares ucranianos fueron neutralizados, y un blindado de transporte de personal y dos veh\u00edculos fueron destruidos en la direcci\u00f3n de Kupyansk, donde los ataques a\u00e9reos y el &hellip;<\/p>\n","protected":false},"author":39,"featured_media":294209,"comment_status":"closed","ping_status":"closed","sticky":false,"template":"","format":"standard","meta":{"footnotes":""},"categories":[597,456,16687,583],"tags":[],"class_list":["post-294206","post","type-post","status-publish","format-standard","has-post-thumbnail","","category-cinta-de-noticias","category-arabe-internacional-politica","category-internacionales","category-slide"],"_links":{"self":[{"href":"https:\/\/archive.sana.sy\/es\/index.php?rest_route=\/wp\/v2\/posts\/294206"}],"collection":[{"href":"https:\/\/archive.sana.sy\/es\/index.php?rest_route=\/wp\/v2\/posts"}],"about":[{"href":"https:\/\/archive.sana.sy\/es\/index.php?rest_route=\/wp\/v2\/types\/post"}],"author":[{"embeddable":true,"href":"https:\/\/archive.sana.sy\/es\/index.php?rest_route=\/wp\/v2\/users\/39"}],"replies":[{"embeddable":true,"href":"https:\/\/archive.sana.sy\/es\/index.php?rest_route=%2Fwp%2Fv2%2Fcomments&post=294206"}],"version-history":[{"count":1,"href":"https:\/\/archive.sana.sy\/es\/index.php?rest_route=\/wp\/v2\/posts\/294206\/revisions"}],"predecessor-version":[{"id":294210,"href":"https:\/\/archive.sana.sy\/es\/index.php?rest_route=\/wp\/v2\/posts\/294206\/revisions\/294210"}],"wp:featuredmedia":[{"embeddable":true,"href":"https:\/\/archive.sana.sy\/es\/index.php?rest_route=\/wp\/v2\/media\/294209"}],"wp:attachment":[{"href":"https:\/\/archive.sana.sy\/es\/index.php?rest_route=%2Fwp%2Fv2%2Fmedia&parent=294206"}],"wp:term":[{"taxonomy":"category","embeddable":true,"href":"https:\/\/archive.sana.sy\/es\/index.php?rest_route=%2Fwp%2Fv2%2Fcategories&post=294206"},{"taxonomy":"post_tag","embeddable":true,"href":"https:\/\/archive.sana.sy\/es\/index.php?rest_route=%2Fwp%2Fv2%2Ftags&post=294206"}],"curies":[{"name":"wp","href":"https:\/\/api.w.org\/{rel}","templated":true}]}}