{"id":294341,"date":"2023-04-17T10:42:05","date_gmt":"2023-04-17T07:42:05","guid":{"rendered":"http:\/\/sana.sy\/es\/?p=294341"},"modified":"2023-04-17T10:42:05","modified_gmt":"2023-04-17T07:42:05","slug":"evo-morales-ee-uu-y-la-otan-fomentan-la-muerte","status":"publish","type":"post","link":"https:\/\/archive.sana.sy\/es\/?p=294341","title":{"rendered":"Evo Morales: EE.UU. y la OTAN fomentan la muerte"},"content":{"rendered":"<blockquote>\n<p style=\"text-align: justify;\"><span style=\"color: #993300;\">&#8220;El actual conflicto demostr\u00f3 que algunos pa\u00edses europeos est\u00e1n sometidos al intervencionismo armamentista del pa\u00eds norteamericano y la Alianza Atl\u00e1ntica, que se ha convertido en una organizaci\u00f3n internacional armada para someter y dividir a pa\u00edses y pueblos libres&#8221;<\/span><\/p>\n<\/blockquote>\n<p style=\"text-align: justify;\"><span style=\"color: #800000;\"><strong>La Paz, 17 abr (SANA)<\/strong> <\/span>El l\u00edder ind\u00edgina y expresidente de Bolivia, Evo Morales, acus\u00f3 a Estados Unidos y otros miembros de la OTAN de &#8220;fomentar la muerte&#8221; proporcionado armamento a Ucrania.<\/p>\n<p style=\"text-align: justify;\">Citado por RT, dijo que el actual conflicto demostr\u00f3 que &#8220;algunos pa\u00edses europeos est\u00e1n sometidos al intervencionismo armamentista&#8221; del pa\u00eds norteamericano y la Alianza Atl\u00e1ntica, que &#8220;se ha convertido en una organizaci\u00f3n internacional armada para someter y dividir a pa\u00edses y pueblos libres&#8221;.<\/p>\n<p style=\"text-align: justify;\">El exmandatario expres\u00f3 su &#8220;respeto y admiraci\u00f3n a la posici\u00f3n firme del hermano presidente de Brasil&#8221;, Luiz In\u00e1cio Lula da Silva, &#8220;que exige a EE.UU. y la UE que dejen de alentar la guerra entre Rusia y Ucrania&#8221;.<\/p>\n<p style=\"text-align: justify;\">&#8220;Mientras los pa\u00edses y pueblos libres defienden la vida, EE.UU. y la OTAN fomentan la muerte&#8221;, asever\u00f3.<\/p>\n<p style=\"text-align: justify;\">fm\/as<\/p>\n","protected":false},"excerpt":{"rendered":"<p>&#8220;El actual conflicto demostr\u00f3 que algunos pa\u00edses europeos est\u00e1n sometidos al intervencionismo armamentista del pa\u00eds norteamericano y la Alianza Atl\u00e1ntica, que se ha convertido en una organizaci\u00f3n internacional armada para someter y dividir a pa\u00edses y pueblos libres&#8221; La Paz, 17 abr (SANA) El l\u00edder ind\u00edgina y expresidente de Bolivia, Evo Morales, acus\u00f3 a Estados &hellip;<\/p>\n","protected":false},"author":42,"featured_media":294342,"comment_status":"closed","ping_status":"closed","sticky":false,"template":"","format":"standard","meta":{"footnotes":""},"categories":[597,456,16687,20724,7541],"tags":[],"class_list":["post-294341","post","type-post","status-publish","format-standard","has-post-thumbnail","","category-cinta-de-noticias","category-arabe-internacional-politica","category-internacionales","category-minuto-a-minuto","category-ultimas-noticias"],"_links":{"self":[{"href":"https:\/\/archive.sana.sy\/es\/index.php?rest_route=\/wp\/v2\/posts\/294341"}],"collection":[{"href":"https:\/\/archive.sana.sy\/es\/index.php?rest_route=\/wp\/v2\/posts"}],"about":[{"href":"https:\/\/archive.sana.sy\/es\/index.php?rest_route=\/wp\/v2\/types\/post"}],"author":[{"embeddable":true,"href":"https:\/\/archive.sana.sy\/es\/index.php?rest_route=\/wp\/v2\/users\/42"}],"replies":[{"embeddable":true,"href":"https:\/\/archive.sana.sy\/es\/index.php?rest_route=%2Fwp%2Fv2%2Fcomments&post=294341"}],"version-history":[{"count":1,"href":"https:\/\/archive.sana.sy\/es\/index.php?rest_route=\/wp\/v2\/posts\/294341\/revisions"}],"predecessor-version":[{"id":294343,"href":"https:\/\/archive.sana.sy\/es\/index.php?rest_route=\/wp\/v2\/posts\/294341\/revisions\/294343"}],"wp:featuredmedia":[{"embeddable":true,"href":"https:\/\/archive.sana.sy\/es\/index.php?rest_route=\/wp\/v2\/media\/294342"}],"wp:attachment":[{"href":"https:\/\/archive.sana.sy\/es\/index.php?rest_route=%2Fwp%2Fv2%2Fmedia&parent=294341"}],"wp:term":[{"taxonomy":"category","embeddable":true,"href":"https:\/\/archive.sana.sy\/es\/index.php?rest_route=%2Fwp%2Fv2%2Fcategories&post=294341"},{"taxonomy":"post_tag","embeddable":true,"href":"https:\/\/archive.sana.sy\/es\/index.php?rest_route=%2Fwp%2Fv2%2Ftags&post=294341"}],"curies":[{"name":"wp","href":"https:\/\/api.w.org\/{rel}","templated":true}]}}