{"id":294362,"date":"2023-04-17T14:41:27","date_gmt":"2023-04-17T11:41:27","guid":{"rendered":"http:\/\/sana.sy\/es\/?p=294362"},"modified":"2023-04-17T14:42:14","modified_gmt":"2023-04-17T11:42:14","slug":"el-golan-volvera-a-siria-por-mas-que-dure-la-ocupacion-afirman-en-un-acto-con-motivo-del-77-dia-de-independencia-de-siria","status":"publish","type":"post","link":"https:\/\/archive.sana.sy\/es\/?p=294362","title":{"rendered":"El Gol\u00e1n volver\u00e1 a Siria por m\u00e1s que dure la ocupaci\u00f3n, afirman en un acto con motivo del 77 D\u00eda de Independencia de Siria"},"content":{"rendered":"<blockquote>\n<p style=\"text-align: justify;\"><span style=\"color: #800000;\">Los presentes ratificaron la determinaci\u00f3n de continuar el camino de lucha que comenzaron los padres y abuelos contra el colonialismo y la agresi\u00f3n, y reiteraron su rechazo a la ocupaci\u00f3n israel\u00ed y sus pr\u00e1cticas criminales<\/span><\/p>\n<\/blockquote>\n<p style=\"text-align: justify;\"><span style=\"color: #800000;\"><strong>Quneitra, 17 abr (SANA)<\/strong> <\/span>En el sitio de Ain al-Tineh, frente a la ciudad ocupada de Majdal Shams, multitudes de personas de la gobernaci\u00f3n de Quneitra y del Gol\u00e1n sirio ocupado se concentraron para conmemorar el 77 aniversario del D\u00eda de la Independencia.<\/p>\n<p style=\"text-align: justify;\">Los presentes ratificaron la determinaci\u00f3n de continuar el camino de lucha que comenzaron los padres y abuelos contra el colonialismo y la agresi\u00f3n, y reiteraron su rechazo a la ocupaci\u00f3n israel\u00ed y sus pr\u00e1cticas criminales.<\/p>\n<p style=\"text-align: justify;\">En paralelo, se efectu\u00f3 en Majdal Shams un acto en el que se ratific\u00f3 el apego a la identidad \u00e1rabe siria y que el Gol\u00e1n ocupado es una parte integral de Siria.<\/p>\n<p style=\"text-align: justify;\">El alcalde del Gol\u00e1n, Issam al-Shaalan, dijo que las batallas de la independencia no terminar\u00e1n sin la liberaci\u00f3n de todo el Gol\u00e1n y su regreso a la soberan\u00eda nacional siria.<\/p>\n<div id='gallery-1' class='gallery galleryid-294362 gallery-columns-1 gallery-size-full'><figure class='gallery-item'>\n\t\t\t<div class='gallery-icon landscape'>\n\t\t\t\t<a href='https:\/\/archive.sana.sy\/es\/wp-content\/uploads\/2023\/04\/z1.jpg'><img loading=\"lazy\" decoding=\"async\" width=\"660\" height=\"325\" src=\"https:\/\/archive.sana.sy\/es\/wp-content\/uploads\/2023\/04\/z1.jpg\" class=\"attachment-full size-full\" alt=\"\" srcset=\"https:\/\/archive.sana.sy\/es\/wp-content\/uploads\/2023\/04\/z1.jpg 660w, https:\/\/archive.sana.sy\/es\/wp-content\/uploads\/2023\/04\/z1-300x148.jpg 300w, https:\/\/archive.sana.sy\/es\/wp-content\/uploads\/2023\/04\/z1-150x74.jpg 150w\" sizes=\"(max-width: 660px) 100vw, 660px\" \/><\/a>\n\t\t\t<\/div><\/figure><figure class='gallery-item'>\n\t\t\t<div class='gallery-icon landscape'>\n\t\t\t\t<a href='https:\/\/archive.sana.sy\/es\/wp-content\/uploads\/2023\/04\/z2.jpg'><img loading=\"lazy\" decoding=\"async\" width=\"660\" height=\"375\" src=\"https:\/\/archive.sana.sy\/es\/wp-content\/uploads\/2023\/04\/z2.jpg\" class=\"attachment-full size-full\" alt=\"\" srcset=\"https:\/\/archive.sana.sy\/es\/wp-content\/uploads\/2023\/04\/z2.jpg 660w, https:\/\/archive.sana.sy\/es\/wp-content\/uploads\/2023\/04\/z2-300x170.jpg 300w, https:\/\/archive.sana.sy\/es\/wp-content\/uploads\/2023\/04\/z2-150x85.jpg 150w\" sizes=\"(max-width: 660px) 100vw, 660px\" \/><\/a>\n\t\t\t<\/div><\/figure><figure class='gallery-item'>\n\t\t\t<div class='gallery-icon landscape'>\n\t\t\t\t<a href='https:\/\/archive.sana.sy\/es\/wp-content\/uploads\/2023\/04\/z3.jpg'><img loading=\"lazy\" decoding=\"async\" width=\"660\" height=\"344\" src=\"https:\/\/archive.sana.sy\/es\/wp-content\/uploads\/2023\/04\/z3.jpg\" class=\"attachment-full size-full\" alt=\"\" srcset=\"https:\/\/archive.sana.sy\/es\/wp-content\/uploads\/2023\/04\/z3.jpg 660w, https:\/\/archive.sana.sy\/es\/wp-content\/uploads\/2023\/04\/z3-300x156.jpg 300w, https:\/\/archive.sana.sy\/es\/wp-content\/uploads\/2023\/04\/z3-150x78.jpg 150w\" sizes=\"(max-width: 660px) 100vw, 660px\" \/><\/a>\n\t\t\t<\/div><\/figure>\n\t\t<\/div>\n\n<p style=\"text-align: justify;\">fm\/as<\/p>\n","protected":false},"excerpt":{"rendered":"<p>Los presentes ratificaron la determinaci\u00f3n de continuar el camino de lucha que comenzaron los padres y abuelos contra el colonialismo y la agresi\u00f3n, y reiteraron su rechazo a la ocupaci\u00f3n israel\u00ed y sus pr\u00e1cticas criminales Quneitra, 17 abr (SANA) En el sitio de Ain al-Tineh, frente a la ciudad ocupada de Majdal Shams, multitudes de &hellip;<\/p>\n","protected":false},"author":42,"featured_media":294368,"comment_status":"closed","ping_status":"closed","sticky":false,"template":"","format":"standard","meta":{"footnotes":""},"categories":[597,20724,16688,476,7541],"tags":[],"class_list":["post-294362","post","type-post","status-publish","format-standard","has-post-thumbnail","","category-cinta-de-noticias","category-minuto-a-minuto","category-nacionales","category-locales","category-ultimas-noticias"],"_links":{"self":[{"href":"https:\/\/archive.sana.sy\/es\/index.php?rest_route=\/wp\/v2\/posts\/294362"}],"collection":[{"href":"https:\/\/archive.sana.sy\/es\/index.php?rest_route=\/wp\/v2\/posts"}],"about":[{"href":"https:\/\/archive.sana.sy\/es\/index.php?rest_route=\/wp\/v2\/types\/post"}],"author":[{"embeddable":true,"href":"https:\/\/archive.sana.sy\/es\/index.php?rest_route=\/wp\/v2\/users\/42"}],"replies":[{"embeddable":true,"href":"https:\/\/archive.sana.sy\/es\/index.php?rest_route=%2Fwp%2Fv2%2Fcomments&post=294362"}],"version-history":[{"count":1,"href":"https:\/\/archive.sana.sy\/es\/index.php?rest_route=\/wp\/v2\/posts\/294362\/revisions"}],"predecessor-version":[{"id":294366,"href":"https:\/\/archive.sana.sy\/es\/index.php?rest_route=\/wp\/v2\/posts\/294362\/revisions\/294366"}],"wp:featuredmedia":[{"embeddable":true,"href":"https:\/\/archive.sana.sy\/es\/index.php?rest_route=\/wp\/v2\/media\/294368"}],"wp:attachment":[{"href":"https:\/\/archive.sana.sy\/es\/index.php?rest_route=%2Fwp%2Fv2%2Fmedia&parent=294362"}],"wp:term":[{"taxonomy":"category","embeddable":true,"href":"https:\/\/archive.sana.sy\/es\/index.php?rest_route=%2Fwp%2Fv2%2Fcategories&post=294362"},{"taxonomy":"post_tag","embeddable":true,"href":"https:\/\/archive.sana.sy\/es\/index.php?rest_route=%2Fwp%2Fv2%2Ftags&post=294362"}],"curies":[{"name":"wp","href":"https:\/\/api.w.org\/{rel}","templated":true}]}}