{"id":294382,"date":"2023-04-17T16:09:07","date_gmt":"2023-04-17T13:09:07","guid":{"rendered":"http:\/\/sana.sy\/es\/?p=294382"},"modified":"2023-04-17T16:09:07","modified_gmt":"2023-04-17T13:09:07","slug":"bogdanov-y-jaafari-repasan-actuales-acontecimientos-en-siria-y-la-region","status":"publish","type":"post","link":"https:\/\/archive.sana.sy\/es\/?p=294382","title":{"rendered":"Bogdanov y Jaafari repasan actuales acontecimientos en Siria y la regi\u00f3n"},"content":{"rendered":"<blockquote>\n<p style=\"text-align: justify;\"><span style=\"color: #993300;\">Se abordaron algunas cuestiones pr\u00e1cticas de la cooperaci\u00f3n bilateral, incluido el cronograma de los pr\u00f3ximos contactos.<\/span><\/p>\n<\/blockquote>\n<p style=\"text-align: justify;\"><span style=\"color: #800000;\"><strong>Mosc\u00fa, 17 abr (SANA)<\/strong> <\/span>El representante especial del presidente ruso para Oriente Medio y los pa\u00edses africanos, el viceministro de Asuntos Exteriores, Mikhail Bogdanov, repas\u00f3 hoy con el embajador sirio en Mosc\u00fa, Bashar Al-Jaafari, los acontecimientos en Siria y otras cuestiones relativas a la soluci\u00f3n de la crisis en esta naci\u00f3n levantina.<\/p>\n<p style=\"text-align: justify;\">El Ministerio de Relaciones Exteriores de Rusia inform\u00f3 hoy por medio de un comunicado que Bogdanov reiter\u00f3 la disposici\u00f3n de Mosc\u00fa a seguir haciendo los esfuerzos necesarios para avanzar en el di\u00e1logo constructivo entre Damasco y su entorno regional, basado en los principios de respeto incondicional a la soberan\u00eda de Siria y su unidad e integridad territorial.<\/p>\n<p style=\"text-align: justify;\">La Canciller\u00eda se\u00f1al\u00f3 que se abordaron algunas cuestiones pr\u00e1cticas de la cooperaci\u00f3n bilateral, incluido el cronograma de los pr\u00f3ximos contactos.<\/p>\n<p style=\"text-align: justify;\">fm\/as<\/p>\n","protected":false},"excerpt":{"rendered":"<p>Se abordaron algunas cuestiones pr\u00e1cticas de la cooperaci\u00f3n bilateral, incluido el cronograma de los pr\u00f3ximos contactos. Mosc\u00fa, 17 abr (SANA) El representante especial del presidente ruso para Oriente Medio y los pa\u00edses africanos, el viceministro de Asuntos Exteriores, Mikhail Bogdanov, repas\u00f3 hoy con el embajador sirio en Mosc\u00fa, Bashar Al-Jaafari, los acontecimientos en Siria y &hellip;<\/p>\n","protected":false},"author":42,"featured_media":294383,"comment_status":"closed","ping_status":"closed","sticky":false,"template":"","format":"standard","meta":{"footnotes":""},"categories":[597,20724,467,7541],"tags":[],"class_list":["post-294382","post","type-post","status-publish","format-standard","has-post-thumbnail","","category-cinta-de-noticias","category-minuto-a-minuto","category-siria-y-el-mundo","category-ultimas-noticias"],"_links":{"self":[{"href":"https:\/\/archive.sana.sy\/es\/index.php?rest_route=\/wp\/v2\/posts\/294382"}],"collection":[{"href":"https:\/\/archive.sana.sy\/es\/index.php?rest_route=\/wp\/v2\/posts"}],"about":[{"href":"https:\/\/archive.sana.sy\/es\/index.php?rest_route=\/wp\/v2\/types\/post"}],"author":[{"embeddable":true,"href":"https:\/\/archive.sana.sy\/es\/index.php?rest_route=\/wp\/v2\/users\/42"}],"replies":[{"embeddable":true,"href":"https:\/\/archive.sana.sy\/es\/index.php?rest_route=%2Fwp%2Fv2%2Fcomments&post=294382"}],"version-history":[{"count":1,"href":"https:\/\/archive.sana.sy\/es\/index.php?rest_route=\/wp\/v2\/posts\/294382\/revisions"}],"predecessor-version":[{"id":294384,"href":"https:\/\/archive.sana.sy\/es\/index.php?rest_route=\/wp\/v2\/posts\/294382\/revisions\/294384"}],"wp:featuredmedia":[{"embeddable":true,"href":"https:\/\/archive.sana.sy\/es\/index.php?rest_route=\/wp\/v2\/media\/294383"}],"wp:attachment":[{"href":"https:\/\/archive.sana.sy\/es\/index.php?rest_route=%2Fwp%2Fv2%2Fmedia&parent=294382"}],"wp:term":[{"taxonomy":"category","embeddable":true,"href":"https:\/\/archive.sana.sy\/es\/index.php?rest_route=%2Fwp%2Fv2%2Fcategories&post=294382"},{"taxonomy":"post_tag","embeddable":true,"href":"https:\/\/archive.sana.sy\/es\/index.php?rest_route=%2Fwp%2Fv2%2Ftags&post=294382"}],"curies":[{"name":"wp","href":"https:\/\/api.w.org\/{rel}","templated":true}]}}