{"id":294468,"date":"2023-04-18T17:46:37","date_gmt":"2023-04-18T14:46:37","guid":{"rendered":"http:\/\/sana.sy\/es\/?p=294468"},"modified":"2023-04-18T22:14:04","modified_gmt":"2023-04-18T19:14:04","slug":"el-presidente-de-tunez-recibe-al-ministro-de-asuntos-exteriores-y-expatriados-de-siria","status":"publish","type":"post","link":"https:\/\/archive.sana.sy\/es\/?p=294468","title":{"rendered":"Presidente de T\u00fanez recibe al canciller Al-Mekdad y reitera apoyo a Siria"},"content":{"rendered":"<p style=\"text-align: justify;\"><span style=\"color: #800000;\"><strong>T\u00fanez, 18 abr (SANA)<\/strong><\/span> El presidente de T\u00fanez, Qais Saeed, recibi\u00f3 este martes al ministro de Asuntos Exteriores y Expatriados de Siria, Faisal al-Mekdad.<\/p>\n<p style=\"text-align: justify;\">El canciller al-Mekdad transmiti\u00f3 los saludos del presidente Bashar al-Assad a su hom\u00f3logo tunecino y agradeci\u00f3 en su nombre a los l\u00edderes, el gobierno y el pueblo de T\u00fanez por la ayuda que brindaron a Siria para que supere las secuelas del devastador terremoto.<\/p>\n<p style=\"text-align: justify;\">El jefe de la diplomacia siria transmiti\u00f3 tambi\u00e9n las felicitaciones del presidente al-Assad al mandatario tunecino con motivo de la pr\u00f3xima fiesta de Eid al-Fitr.<\/p>\n<p style=\"text-align: justify;\">Al-Mekdad expres\u00f3 la satisfacci\u00f3n de Siria por el retorno de las relaciones bilaterales entre los dos pa\u00edses hermanos, a su camino normal y recto, y elogi\u00f3 la estabilidad y prosperidad que alcanz\u00f3 el pa\u00eds hermano durante el mandato del presidente Saeed a pesar de todos los desaf\u00edos que est\u00e1n afrontando.<\/p>\n<p style=\"text-align: justify;\">Asimismo agradeci\u00f3 a T\u00fanez por su apoyo Siria en su guerra contra el terrorismo, y resalt\u00f3 la importancia de fortalecer las relaciones binacionales en beneficio de los intereses de los dos pueblos y pa\u00edses hermanos.<\/p>\n<p style=\"text-align: justify;\">A su vez, el presidente Saeed envi\u00f3 al presidente al-Assad sus m\u00e1s c\u00e1lidos saludos y expres\u00f3 su satisfacci\u00f3n por el desarrollo de las relaciones sirio-tunecinas, deseando mayor progreso y prosperidad para el liderazgo, el gobierno y el pueblo de Siria.<\/p>\n<p style=\"text-align: justify;\">De igual manera expres\u00f3 su satisfacci\u00f3n por la mejora de las relaciones entre Siria y sus hermanos \u00e1rabes.<\/p>\n<p style=\"text-align: justify;\">Al-Mekdad hizo una panor\u00e1mica sobre las \u00faltimas comunicaciones entre Siria y varios pa\u00edses \u00e1rabes y amigos, y la postura de Siria hacia los acontecimientos pol\u00edticos en la regi\u00f3n y el mundo.<\/p>\n<p style=\"text-align: justify;\">En este contexto, destac\u00f3 el \u00e9nfasis que pone el Presidente al-Assad en la importancia de movilizar los esfuerzos de todos los pa\u00edses \u00e1rabes para defender las causas justas de su naci\u00f3n.<\/p>\n<p style=\"text-align: justify;\">\u201cLa prioridad de Siria ahora es unificar los esfuerzos de los pa\u00edses \u00e1rabes y mejorar las relaciones inter\u00e1rabes\u201d, asever\u00f3, enfatizando la necesidad de que los \u00e1rabes cierren filas ante las injerencias extrajeras.<\/p>\n<p style=\"text-align: justify;\">El Presidente tunecino resalt\u00f3 la importancia de unificar las posiciones \u00e1rabes para afrontar todos los retos, y asever\u00f3 que T\u00fanez seguir\u00e1 defendiendo la soberan\u00eda y la independencia de todos los pa\u00edses \u00e1rabes.<\/p>\n<p style=\"text-align: justify;\">Al final de la reuni\u00f3n, el Canciller sirio reiter\u00f3 la importancia de continuar las consultas sobre varios temas de inter\u00e9s com\u00fan, y la consolidaci\u00f3n de las relaciones bilaterales para convertirlas a\u00fan m\u00e1s fuertes que antes.<\/p>\n<p style=\"text-align: justify;\">la<\/p>\n<h5 style=\"text-align: justify;\"><\/h5>\n<p style=\"text-align: justify;\">\n","protected":false},"excerpt":{"rendered":"<p>T\u00fanez, 18 abr (SANA) El presidente de T\u00fanez, Qais Saeed, recibi\u00f3 este martes al ministro de Asuntos Exteriores y Expatriados de Siria, Faisal al-Mekdad. El canciller al-Mekdad transmiti\u00f3 los saludos del presidente Bashar al-Assad a su hom\u00f3logo tunecino y agradeci\u00f3 en su nombre a los l\u00edderes, el gobierno y el pueblo de T\u00fanez por la &hellip;<\/p>\n","protected":false},"author":24,"featured_media":294469,"comment_status":"closed","ping_status":"closed","sticky":false,"template":"","format":"standard","meta":{"footnotes":""},"categories":[597,20724,467,583],"tags":[21975,6553,8603],"class_list":["post-294468","post","type-post","status-publish","format-standard","has-post-thumbnail","","category-cinta-de-noticias","category-minuto-a-minuto","category-siria-y-el-mundo","category-slide","tag-reanudacion-de-relaciones-biilaterales","tag-siria","tag-tunez"],"_links":{"self":[{"href":"https:\/\/archive.sana.sy\/es\/index.php?rest_route=\/wp\/v2\/posts\/294468"}],"collection":[{"href":"https:\/\/archive.sana.sy\/es\/index.php?rest_route=\/wp\/v2\/posts"}],"about":[{"href":"https:\/\/archive.sana.sy\/es\/index.php?rest_route=\/wp\/v2\/types\/post"}],"author":[{"embeddable":true,"href":"https:\/\/archive.sana.sy\/es\/index.php?rest_route=\/wp\/v2\/users\/24"}],"replies":[{"embeddable":true,"href":"https:\/\/archive.sana.sy\/es\/index.php?rest_route=%2Fwp%2Fv2%2Fcomments&post=294468"}],"version-history":[{"count":10,"href":"https:\/\/archive.sana.sy\/es\/index.php?rest_route=\/wp\/v2\/posts\/294468\/revisions"}],"predecessor-version":[{"id":294532,"href":"https:\/\/archive.sana.sy\/es\/index.php?rest_route=\/wp\/v2\/posts\/294468\/revisions\/294532"}],"wp:featuredmedia":[{"embeddable":true,"href":"https:\/\/archive.sana.sy\/es\/index.php?rest_route=\/wp\/v2\/media\/294469"}],"wp:attachment":[{"href":"https:\/\/archive.sana.sy\/es\/index.php?rest_route=%2Fwp%2Fv2%2Fmedia&parent=294468"}],"wp:term":[{"taxonomy":"category","embeddable":true,"href":"https:\/\/archive.sana.sy\/es\/index.php?rest_route=%2Fwp%2Fv2%2Fcategories&post=294468"},{"taxonomy":"post_tag","embeddable":true,"href":"https:\/\/archive.sana.sy\/es\/index.php?rest_route=%2Fwp%2Fv2%2Ftags&post=294468"}],"curies":[{"name":"wp","href":"https:\/\/api.w.org\/{rel}","templated":true}]}}