{"id":294498,"date":"2023-04-18T20:26:19","date_gmt":"2023-04-18T17:26:19","guid":{"rendered":"http:\/\/sana.sy\/es\/?p=294498"},"modified":"2023-04-18T21:12:55","modified_gmt":"2023-04-18T18:12:55","slug":"tunez-reitera-su-apoyo-a-siria-frente-al-terrorismo-y-las-repetidas-agresiones-del-ocupante-israeli","status":"publish","type":"post","link":"https:\/\/archive.sana.sy\/es\/?p=294498","title":{"rendered":"T\u00fanez reitera su apoyo a Siria frente al terrorismo y las repetidas agresiones del ocupante israel\u00ed"},"content":{"rendered":"<p style=\"text-align: justify;\"><span style=\"color: #800000;\"><strong>T\u00fanez, 18 abr (SANA)<\/strong><\/span> El ministro de Asuntos Exteriores y Expatriados, Faisal Al-Mekdad, se re\u00fane con el Ministro de Asuntos Exteriores, Inmigraci\u00f3n y Expatriados Tunecinos, Nabil Ammar, en la sede de la Canciller\u00eda tunecina.<\/p>\n<p style=\"text-align: justify;\">La reuni\u00f3n fue seguida de una sesi\u00f3n de conversaciones amplias entre ambas partes tras la cual se emiti\u00f3 una declaraci\u00f3n conjunta.<\/p>\n<p style=\"text-align: justify;\">La declaraci\u00f3n sirio-tunecina llam\u00f3 a intensificar la comunicaci\u00f3n entre los dos pa\u00edses en la pr\u00f3xima fase con el objetivo de mejorar la consulta y coordinaci\u00f3n sobre varios asuntos de inter\u00e9s com\u00fan, y trabajar para convocar la comisi\u00f3n conjunta y reanudar la cooperaci\u00f3n econ\u00f3mica entre los dos pa\u00edses, especialmente en \u00e1reas prioritarias.<\/p>\n<p style=\"text-align: justify;\">Asimismo destac\u00f3 la importancia de fortalecer la cooperaci\u00f3n binacional en materia de seguridad, especialmente en la lucha contra el terrorismo, el crimen organizado y las redes de trata de personas, adem\u00e1s de fortalecer la cooperaci\u00f3n en \u00e1rea consular y humanitario, y trabajar para convocar el comit\u00e9 consular conjunto lo antes posible.<\/p>\n<p style=\"text-align: justify;\">&#8220;T\u00fanez expresa su plena solidaridad con Siria frente a las repetidas agresiones de la entidad ocupante israel\u00ed contra su tierra, as\u00ed como apoya su leg\u00edtimo derecho a recuperar el Gol\u00e1n ocupado e imponer su total soberan\u00eda sobre su territorio&#8221;, enfatiz\u00f3 la declaraci\u00f3n.<\/p>\n<p style=\"text-align: justify;\">La declaraci\u00f3n tambi\u00e9n confirm\u00f3 la posici\u00f3n de apoyo de T\u00fanez al regreso de Siria a su entorno \u00e1rabe y la restauraci\u00f3n de su papel dentro de la Liga de los Estados \u00c1rabes, asimismo subray\u00f3 que la seguridad y estabilidad de Siria es un pilar de la seguridad y estabilidad de todo el regi\u00f3n.<\/p>\n<p>&nbsp;<\/p>\n<p style=\"text-align: justify;\">la\/mm<\/p>\n","protected":false},"excerpt":{"rendered":"<p>T\u00fanez, 18 abr (SANA) El ministro de Asuntos Exteriores y Expatriados, Faisal Al-Mekdad, se re\u00fane con el Ministro de Asuntos Exteriores, Inmigraci\u00f3n y Expatriados Tunecinos, Nabil Ammar, en la sede de la Canciller\u00eda tunecina. La reuni\u00f3n fue seguida de una sesi\u00f3n de conversaciones amplias entre ambas partes tras la cual se emiti\u00f3 una declaraci\u00f3n conjunta. &hellip;<\/p>\n","protected":false},"author":24,"featured_media":294499,"comment_status":"closed","ping_status":"closed","sticky":false,"template":"","format":"standard","meta":{"footnotes":""},"categories":[447,597,20724,448,467,7541],"tags":[21980,6553,8603],"class_list":["post-294498","post","type-post","status-publish","format-standard","has-post-thumbnail","","category-local-politica","category-cinta-de-noticias","category-minuto-a-minuto","category-noticias","category-siria-y-el-mundo","category-ultimas-noticias","tag-normalizacion-de-las-relaciones-binacionales","tag-siria","tag-tunez"],"_links":{"self":[{"href":"https:\/\/archive.sana.sy\/es\/index.php?rest_route=\/wp\/v2\/posts\/294498"}],"collection":[{"href":"https:\/\/archive.sana.sy\/es\/index.php?rest_route=\/wp\/v2\/posts"}],"about":[{"href":"https:\/\/archive.sana.sy\/es\/index.php?rest_route=\/wp\/v2\/types\/post"}],"author":[{"embeddable":true,"href":"https:\/\/archive.sana.sy\/es\/index.php?rest_route=\/wp\/v2\/users\/24"}],"replies":[{"embeddable":true,"href":"https:\/\/archive.sana.sy\/es\/index.php?rest_route=%2Fwp%2Fv2%2Fcomments&post=294498"}],"version-history":[{"count":7,"href":"https:\/\/archive.sana.sy\/es\/index.php?rest_route=\/wp\/v2\/posts\/294498\/revisions"}],"predecessor-version":[{"id":294518,"href":"https:\/\/archive.sana.sy\/es\/index.php?rest_route=\/wp\/v2\/posts\/294498\/revisions\/294518"}],"wp:featuredmedia":[{"embeddable":true,"href":"https:\/\/archive.sana.sy\/es\/index.php?rest_route=\/wp\/v2\/media\/294499"}],"wp:attachment":[{"href":"https:\/\/archive.sana.sy\/es\/index.php?rest_route=%2Fwp%2Fv2%2Fmedia&parent=294498"}],"wp:term":[{"taxonomy":"category","embeddable":true,"href":"https:\/\/archive.sana.sy\/es\/index.php?rest_route=%2Fwp%2Fv2%2Fcategories&post=294498"},{"taxonomy":"post_tag","embeddable":true,"href":"https:\/\/archive.sana.sy\/es\/index.php?rest_route=%2Fwp%2Fv2%2Ftags&post=294498"}],"curies":[{"name":"wp","href":"https:\/\/api.w.org\/{rel}","templated":true}]}}