{"id":294509,"date":"2023-04-18T20:48:41","date_gmt":"2023-04-18T17:48:41","guid":{"rendered":"http:\/\/sana.sy\/es\/?p=294509"},"modified":"2023-04-18T20:48:41","modified_gmt":"2023-04-18T17:48:41","slug":"presidente-de-suiza-se-opone-a-transferir-armas-al-regimen-ucraniano","status":"publish","type":"post","link":"https:\/\/archive.sana.sy\/es\/?p=294509","title":{"rendered":"Presidente de Suiza se opone a transferir armas al r\u00e9gimen ucraniano"},"content":{"rendered":"<p style=\"text-align: justify;\"><span style=\"color: #800000;\"><strong>Berna, 18 abr (SANA)<\/strong><\/span> El presidente de Suiza, Alain Berset, anunci\u00f3 hoy el rechazo a los llamados internacionales para que su pa\u00eds lo inste a exportar armas al r\u00e9gimen ucraniano.<\/p>\n<p style=\"text-align: justify;\">La neutralidad implica que &#8220;no se apoya militarmente&#8221; a ninguna de las partes implicadas en el conflicto, afirm\u00f3 Berset, en una comparecencia con el canciller alem\u00e1n, Olaf Scholz, durante una visita de trabajo a Berl\u00edn.<\/p>\n<p style=\"text-align: justify;\">Suiza ha rechazado sucesivas peticiones de Alemania, Dinamarca y Espa\u00f1a, entre otros pa\u00edses, para enviar armamento de producci\u00f3n helv\u00e9tica o para reexportar a Ucrania material b\u00e9lico en poder de sus fuerzas armadas.<\/p>\n<p>mm<\/p>\n<p>&nbsp;<\/p>\n","protected":false},"excerpt":{"rendered":"<p>Berna, 18 abr (SANA) El presidente de Suiza, Alain Berset, anunci\u00f3 hoy el rechazo a los llamados internacionales para que su pa\u00eds lo inste a exportar armas al r\u00e9gimen ucraniano. La neutralidad implica que &#8220;no se apoya militarmente&#8221; a ninguna de las partes implicadas en el conflicto, afirm\u00f3 Berset, en una comparecencia con el canciller &hellip;<\/p>\n","protected":false},"author":36,"featured_media":294511,"comment_status":"closed","ping_status":"closed","sticky":false,"template":"","format":"standard","meta":{"footnotes":""},"categories":[597,456,16687,20724,457],"tags":[21982],"class_list":["post-294509","post","type-post","status-publish","format-standard","has-post-thumbnail","","category-cinta-de-noticias","category-arabe-internacional-politica","category-internacionales","category-minuto-a-minuto","category-noticias-arabe-internacional-politica","tag-suiza-ucrania"],"_links":{"self":[{"href":"https:\/\/archive.sana.sy\/es\/index.php?rest_route=\/wp\/v2\/posts\/294509"}],"collection":[{"href":"https:\/\/archive.sana.sy\/es\/index.php?rest_route=\/wp\/v2\/posts"}],"about":[{"href":"https:\/\/archive.sana.sy\/es\/index.php?rest_route=\/wp\/v2\/types\/post"}],"author":[{"embeddable":true,"href":"https:\/\/archive.sana.sy\/es\/index.php?rest_route=\/wp\/v2\/users\/36"}],"replies":[{"embeddable":true,"href":"https:\/\/archive.sana.sy\/es\/index.php?rest_route=%2Fwp%2Fv2%2Fcomments&post=294509"}],"version-history":[{"count":1,"href":"https:\/\/archive.sana.sy\/es\/index.php?rest_route=\/wp\/v2\/posts\/294509\/revisions"}],"predecessor-version":[{"id":294512,"href":"https:\/\/archive.sana.sy\/es\/index.php?rest_route=\/wp\/v2\/posts\/294509\/revisions\/294512"}],"wp:featuredmedia":[{"embeddable":true,"href":"https:\/\/archive.sana.sy\/es\/index.php?rest_route=\/wp\/v2\/media\/294511"}],"wp:attachment":[{"href":"https:\/\/archive.sana.sy\/es\/index.php?rest_route=%2Fwp%2Fv2%2Fmedia&parent=294509"}],"wp:term":[{"taxonomy":"category","embeddable":true,"href":"https:\/\/archive.sana.sy\/es\/index.php?rest_route=%2Fwp%2Fv2%2Fcategories&post=294509"},{"taxonomy":"post_tag","embeddable":true,"href":"https:\/\/archive.sana.sy\/es\/index.php?rest_route=%2Fwp%2Fv2%2Ftags&post=294509"}],"curies":[{"name":"wp","href":"https:\/\/api.w.org\/{rel}","templated":true}]}}