{"id":294561,"date":"2023-04-19T15:28:32","date_gmt":"2023-04-19T12:28:32","guid":{"rendered":"http:\/\/sana.sy\/es\/?p=294561"},"modified":"2023-04-19T15:29:09","modified_gmt":"2023-04-19T12:29:09","slug":"siria-airlines-suspende-sus-vuelos-hacia-el-aeropuerto-de-jartum","status":"publish","type":"post","link":"https:\/\/archive.sana.sy\/es\/?p=294561","title":{"rendered":"Siria Airlines suspende sus vuelos hacia el aeropuerto de Jartum"},"content":{"rendered":"<blockquote>\n<p style=\"text-align: justify;\"><span style=\"color: #993300;\">En un comunicado, la compa\u00f1\u00eda inform\u00f3 hoy que su decisi\u00f3n de suspender los vuelos se debe a lo que ocurre actualmente en Sud\u00e1n.<\/span><\/p>\n<\/blockquote>\n<p style=\"text-align: justify;\"><span style=\"color: #800000;\"><strong>Damasco, 19 abr (SANA)<\/strong><\/span> La compa\u00f1\u00eda Syrian Airlines anunci\u00f3 la suspensi\u00f3n de sus vuelos al Aeropuerto Internacional de Jartum.<\/p>\n<p style=\"text-align: justify;\">En un comunicado, la compa\u00f1\u00eda inform\u00f3 hoy que su decisi\u00f3n de suspender los vuelos se debe a lo que ocurre actualmente en Sud\u00e1n.<\/p>\n<p style=\"text-align: justify;\">\u201cLos vuelos que estaban programados para todos los viernes se consideran cancelados\u201d, indic\u00f3.<\/p>\n<p style=\"text-align: justify;\">Asimismo, pidi\u00f3 a los viajeros que visiten las oficinas de Syrian Airlines para cualquier consulta sobre el valor de los boletos y todo lo relacionado con su viaje.<\/p>\n<p style=\"text-align: justify;\">fm<\/p>\n","protected":false},"excerpt":{"rendered":"<p>En un comunicado, la compa\u00f1\u00eda inform\u00f3 hoy que su decisi\u00f3n de suspender los vuelos se debe a lo que ocurre actualmente en Sud\u00e1n. Damasco, 19 abr (SANA) La compa\u00f1\u00eda Syrian Airlines anunci\u00f3 la suspensi\u00f3n de sus vuelos al Aeropuerto Internacional de Jartum. En un comunicado, la compa\u00f1\u00eda inform\u00f3 hoy que su decisi\u00f3n de suspender los &hellip;<\/p>\n","protected":false},"author":34,"featured_media":294562,"comment_status":"closed","ping_status":"closed","sticky":false,"template":"","format":"standard","meta":{"footnotes":""},"categories":[477,447,597,20724,476,7541],"tags":[],"class_list":["post-294561","post","type-post","status-publish","format-standard","has-post-thumbnail","","category-noticias-edulcorantes","category-local-politica","category-cinta-de-noticias","category-minuto-a-minuto","category-locales","category-ultimas-noticias"],"_links":{"self":[{"href":"https:\/\/archive.sana.sy\/es\/index.php?rest_route=\/wp\/v2\/posts\/294561"}],"collection":[{"href":"https:\/\/archive.sana.sy\/es\/index.php?rest_route=\/wp\/v2\/posts"}],"about":[{"href":"https:\/\/archive.sana.sy\/es\/index.php?rest_route=\/wp\/v2\/types\/post"}],"author":[{"embeddable":true,"href":"https:\/\/archive.sana.sy\/es\/index.php?rest_route=\/wp\/v2\/users\/34"}],"replies":[{"embeddable":true,"href":"https:\/\/archive.sana.sy\/es\/index.php?rest_route=%2Fwp%2Fv2%2Fcomments&post=294561"}],"version-history":[{"count":2,"href":"https:\/\/archive.sana.sy\/es\/index.php?rest_route=\/wp\/v2\/posts\/294561\/revisions"}],"predecessor-version":[{"id":294564,"href":"https:\/\/archive.sana.sy\/es\/index.php?rest_route=\/wp\/v2\/posts\/294561\/revisions\/294564"}],"wp:featuredmedia":[{"embeddable":true,"href":"https:\/\/archive.sana.sy\/es\/index.php?rest_route=\/wp\/v2\/media\/294562"}],"wp:attachment":[{"href":"https:\/\/archive.sana.sy\/es\/index.php?rest_route=%2Fwp%2Fv2%2Fmedia&parent=294561"}],"wp:term":[{"taxonomy":"category","embeddable":true,"href":"https:\/\/archive.sana.sy\/es\/index.php?rest_route=%2Fwp%2Fv2%2Fcategories&post=294561"},{"taxonomy":"post_tag","embeddable":true,"href":"https:\/\/archive.sana.sy\/es\/index.php?rest_route=%2Fwp%2Fv2%2Ftags&post=294561"}],"curies":[{"name":"wp","href":"https:\/\/api.w.org\/{rel}","templated":true}]}}