{"id":294565,"date":"2023-04-19T16:23:08","date_gmt":"2023-04-19T13:23:08","guid":{"rendered":"http:\/\/sana.sy\/es\/?p=294565"},"modified":"2023-04-19T16:23:31","modified_gmt":"2023-04-19T13:23:31","slug":"moscu-advierte-sobre-posible-involucracion-de-seul-en-el-conflicto-ruso-ucraniano","status":"publish","type":"post","link":"https:\/\/archive.sana.sy\/es\/?p=294565","title":{"rendered":"Mosc\u00fa advierte sobre posible involucraci\u00f3n de Se\u00fal en el conflicto ruso-ucraniano"},"content":{"rendered":"<blockquote><p><span style=\"color: #993300\">Peskov critic\u00f3 que Corea del Sur ha adoptado una posici\u00f3n bastante hostil hacia Rusia con respecto a la situaci\u00f3n en Ucrania, y el anuncio sobre posibles suministros de armas es una continuaci\u00f3n de esa pol\u00edtica.<\/span><\/p><\/blockquote>\n<p style=\"text-align: justify\"><span style=\"color: #800000\"><strong>Mosc\u00fa, 19 de abr (SANA)<\/strong><\/span> El portavoz del Kremlin, Dmitry Peskov destac\u00f3 que el suministro de armas por parte de Corea del Sur a Ucrania significar\u00eda que Se\u00fal est\u00e1 de alguna manera involucrada en el conflicto.<\/p>\n<p style=\"text-align: justify\">\u201cCiertamente, cualquier suministro de armas implicar\u00eda una cierta participaci\u00f3n en este conflicto\u201d, coment\u00f3 Peskov sobre posibles entregas de armas de Se\u00fal a Kiev.<\/p>\n<p style=\"text-align: justify\">Critic\u00f3 que Corea del Sur ha adoptado una posici\u00f3n bastante hostil hacia Rusia con respecto a la situaci\u00f3n en Ucrania, y el anuncio sobre posibles suministros de armas es una continuaci\u00f3n de esa pol\u00edtica.<\/p>\n<p style=\"text-align: justify\">En declaraciones a Reuters hoy, el presidente surcoreano, Yoon Suk-yeol, no descart\u00f3 que su pa\u00eds enviara armas a Ucrania, y esto se trata de la primera vez desde el inicio de la operaci\u00f3n militar rusa en Ucrania que Se\u00fal expresa claramente su disposici\u00f3n a proporcionar ayuda b\u00e9lica al r\u00e9gimen de Kiev.<\/p>\n<p style=\"text-align: justify\">la<\/p>\n","protected":false},"excerpt":{"rendered":"<p>Peskov critic\u00f3 que Corea del Sur ha adoptado una posici\u00f3n bastante hostil hacia Rusia con respecto a la situaci\u00f3n en Ucrania, y el anuncio sobre posibles suministros de armas es una continuaci\u00f3n de esa pol\u00edtica. Mosc\u00fa, 19 de abr (SANA) El portavoz del Kremlin, Dmitry Peskov destac\u00f3 que el suministro de armas por parte de &hellip;<\/p>\n","protected":false},"author":24,"featured_media":133082,"comment_status":"closed","ping_status":"closed","sticky":false,"template":"","format":"standard","meta":{"footnotes":""},"categories":[447,597,456,16687,20724,448,7541],"tags":[21985,6695,21986,20357],"class_list":["post-294565","post","type-post","status-publish","format-standard","has-post-thumbnail","","category-local-politica","category-cinta-de-noticias","category-arabe-internacional-politica","category-internacionales","category-minuto-a-minuto","category-noticias","category-ultimas-noticias","tag-corea-del-sur","tag-rusia","tag-suministro-de-armas","tag-ucrania"],"_links":{"self":[{"href":"https:\/\/archive.sana.sy\/es\/index.php?rest_route=\/wp\/v2\/posts\/294565"}],"collection":[{"href":"https:\/\/archive.sana.sy\/es\/index.php?rest_route=\/wp\/v2\/posts"}],"about":[{"href":"https:\/\/archive.sana.sy\/es\/index.php?rest_route=\/wp\/v2\/types\/post"}],"author":[{"embeddable":true,"href":"https:\/\/archive.sana.sy\/es\/index.php?rest_route=\/wp\/v2\/users\/24"}],"replies":[{"embeddable":true,"href":"https:\/\/archive.sana.sy\/es\/index.php?rest_route=%2Fwp%2Fv2%2Fcomments&post=294565"}],"version-history":[{"count":2,"href":"https:\/\/archive.sana.sy\/es\/index.php?rest_route=\/wp\/v2\/posts\/294565\/revisions"}],"predecessor-version":[{"id":294567,"href":"https:\/\/archive.sana.sy\/es\/index.php?rest_route=\/wp\/v2\/posts\/294565\/revisions\/294567"}],"wp:featuredmedia":[{"embeddable":true,"href":"https:\/\/archive.sana.sy\/es\/index.php?rest_route=\/wp\/v2\/media\/133082"}],"wp:attachment":[{"href":"https:\/\/archive.sana.sy\/es\/index.php?rest_route=%2Fwp%2Fv2%2Fmedia&parent=294565"}],"wp:term":[{"taxonomy":"category","embeddable":true,"href":"https:\/\/archive.sana.sy\/es\/index.php?rest_route=%2Fwp%2Fv2%2Fcategories&post=294565"},{"taxonomy":"post_tag","embeddable":true,"href":"https:\/\/archive.sana.sy\/es\/index.php?rest_route=%2Fwp%2Fv2%2Ftags&post=294565"}],"curies":[{"name":"wp","href":"https:\/\/api.w.org\/{rel}","templated":true}]}}