{"id":294568,"date":"2023-04-19T16:49:46","date_gmt":"2023-04-19T13:49:46","guid":{"rendered":"http:\/\/sana.sy\/es\/?p=294568"},"modified":"2023-04-19T16:49:46","modified_gmt":"2023-04-19T13:49:46","slug":"colones-israelies-demuelen-cinco-negocios-en-un-mercado-palestino","status":"publish","type":"post","link":"https:\/\/archive.sana.sy\/es\/?p=294568","title":{"rendered":"Colones israel\u00edes demuelen cinco negocios en un mercado palestino"},"content":{"rendered":"<p style=\"text-align: justify\"><span style=\"color: #800000\"><strong>Jerusal\u00e9n ocupada, 19 abr (SANA)<\/strong><\/span> Colonos israel\u00edes arremetieron este mi\u00e9rcoles contra propiedades palestinas en la ciudad de al-Khalil (Hebr\u00f3n), en Cisjordania, donde demolieron varias tiendas.<\/p>\n<p style=\"text-align: justify\">Acompa\u00f1ados de varias excavadoras, colonos israel\u00edes irrumpieron en el mercado de al-Rayesh en la ciudad vieja de Hebr\u00f3n y demolieron cinco negocios con el fin de expandir sus asentamientos, inform\u00f3 la agencia de noticias WAFA.<\/p>\n<p style=\"text-align: justify\">Los colones estuvieron bajo estricta protecci\u00f3n de las fuerzas del ocupante israel\u00edes, agreg\u00f3 la agencia palestina.<\/p>\n<p style=\"text-align: justify\">\nla<\/p>\n","protected":false},"excerpt":{"rendered":"<p>Jerusal\u00e9n ocupada, 19 abr (SANA) Colonos israel\u00edes arremetieron este mi\u00e9rcoles contra propiedades palestinas en la ciudad de al-Khalil (Hebr\u00f3n), en Cisjordania, donde demolieron varias tiendas. Acompa\u00f1ados de varias excavadoras, colonos israel\u00edes irrumpieron en el mercado de al-Rayesh en la ciudad vieja de Hebr\u00f3n y demolieron cinco negocios con el fin de expandir sus asentamientos, inform\u00f3 &hellip;<\/p>\n","protected":false},"author":24,"featured_media":294569,"comment_status":"closed","ping_status":"closed","sticky":false,"template":"","format":"standard","meta":{"footnotes":""},"categories":[447,597,20724,448,7541],"tags":[21988,21885,19704,20311,21987],"class_list":["post-294568","post","type-post","status-publish","format-standard","has-post-thumbnail","","category-local-politica","category-cinta-de-noticias","category-minuto-a-minuto","category-noticias","category-ultimas-noticias","tag-al-khalil","tag-colones","tag-hebron","tag-israelies","tag-negocios-palestinos"],"_links":{"self":[{"href":"https:\/\/archive.sana.sy\/es\/index.php?rest_route=\/wp\/v2\/posts\/294568"}],"collection":[{"href":"https:\/\/archive.sana.sy\/es\/index.php?rest_route=\/wp\/v2\/posts"}],"about":[{"href":"https:\/\/archive.sana.sy\/es\/index.php?rest_route=\/wp\/v2\/types\/post"}],"author":[{"embeddable":true,"href":"https:\/\/archive.sana.sy\/es\/index.php?rest_route=\/wp\/v2\/users\/24"}],"replies":[{"embeddable":true,"href":"https:\/\/archive.sana.sy\/es\/index.php?rest_route=%2Fwp%2Fv2%2Fcomments&post=294568"}],"version-history":[{"count":1,"href":"https:\/\/archive.sana.sy\/es\/index.php?rest_route=\/wp\/v2\/posts\/294568\/revisions"}],"predecessor-version":[{"id":294570,"href":"https:\/\/archive.sana.sy\/es\/index.php?rest_route=\/wp\/v2\/posts\/294568\/revisions\/294570"}],"wp:featuredmedia":[{"embeddable":true,"href":"https:\/\/archive.sana.sy\/es\/index.php?rest_route=\/wp\/v2\/media\/294569"}],"wp:attachment":[{"href":"https:\/\/archive.sana.sy\/es\/index.php?rest_route=%2Fwp%2Fv2%2Fmedia&parent=294568"}],"wp:term":[{"taxonomy":"category","embeddable":true,"href":"https:\/\/archive.sana.sy\/es\/index.php?rest_route=%2Fwp%2Fv2%2Fcategories&post=294568"},{"taxonomy":"post_tag","embeddable":true,"href":"https:\/\/archive.sana.sy\/es\/index.php?rest_route=%2Fwp%2Fv2%2Ftags&post=294568"}],"curies":[{"name":"wp","href":"https:\/\/api.w.org\/{rel}","templated":true}]}}