{"id":294571,"date":"2023-04-19T17:17:38","date_gmt":"2023-04-19T14:17:38","guid":{"rendered":"http:\/\/sana.sy\/es\/?p=294571"},"modified":"2023-04-19T17:40:13","modified_gmt":"2023-04-19T14:40:13","slug":"frustran-accion-ucraniana-de-sabotaje-contra-el-sistema-energetico-en-crimea","status":"publish","type":"post","link":"https:\/\/archive.sana.sy\/es\/?p=294571","title":{"rendered":"Frustran acci\u00f3n ucraniana de sabotaje contra el sistema energ\u00e9tico en Crimea"},"content":{"rendered":"<p style=\"text-align: justify\"><span style=\"color: #800000\"><strong>Mosc\u00fa, 19 abr (SANA)<\/strong> <\/span>Las fuerzas de seguridad rusas impidieron un sabotaje en las instalaciones del sistema de energ\u00eda en Kerch, en Crimea.<\/p>\n<p style=\"text-align: justify\">&#8220;El Servicio Federal de Seguridad de la Federaci\u00f3n de Rusia en la ciudad de Kerch de la Rep\u00fablica de Crimea impidi\u00f3 la preparaci\u00f3n de un acto de sabotaje en una instalaci\u00f3n del sistema energ\u00e9tico de la pen\u00ednsula. Como resultado de las medidas adoptadas, fue detenido un ciudadano de Rusia y Ucrania nacido en 1971 por la preparaci\u00f3n de este crimen&#8221;, inform\u00f3 hoy el Centro de Relaciones P\u00fablicas del FSB.<\/p>\n<p style=\"text-align: justify\">Durante los registros en la direcci\u00f3n del sospechoso, se incautaron un artefacto explosivo improvisado y medios de comunicaci\u00f3n para la coordinaci\u00f3n del delito con un representante de los servicios especiales ucranianos.<\/p>\n<p style=\"text-align: justify\">Autoridades judiciales procesan al detenido bajo los art\u00edculos de preparaci\u00f3n para sabotaje 281 del C\u00f3digo Penal, y posesi\u00f3n ilegal de explosivos, 222 del C\u00f3digo Penal.<\/p>\n<p style=\"text-align: justify\">fm\/la<\/p>\n","protected":false},"excerpt":{"rendered":"<p>Mosc\u00fa, 19 abr (SANA) Las fuerzas de seguridad rusas impidieron un sabotaje en las instalaciones del sistema de energ\u00eda en Kerch, en Crimea. &#8220;El Servicio Federal de Seguridad de la Federaci\u00f3n de Rusia en la ciudad de Kerch de la Rep\u00fablica de Crimea impidi\u00f3 la preparaci\u00f3n de un acto de sabotaje en una instalaci\u00f3n del &hellip;<\/p>\n","protected":false},"author":24,"featured_media":294573,"comment_status":"closed","ping_status":"closed","sticky":false,"template":"","format":"standard","meta":{"footnotes":""},"categories":[447,597,456,16687,20724,448,7541],"tags":[20700,21989,6695,20357],"class_list":["post-294571","post","type-post","status-publish","format-standard","has-post-thumbnail","","category-local-politica","category-cinta-de-noticias","category-arabe-internacional-politica","category-internacionales","category-minuto-a-minuto","category-noticias","category-ultimas-noticias","tag-crimea","tag-kerch","tag-rusia","tag-ucrania"],"_links":{"self":[{"href":"https:\/\/archive.sana.sy\/es\/index.php?rest_route=\/wp\/v2\/posts\/294571"}],"collection":[{"href":"https:\/\/archive.sana.sy\/es\/index.php?rest_route=\/wp\/v2\/posts"}],"about":[{"href":"https:\/\/archive.sana.sy\/es\/index.php?rest_route=\/wp\/v2\/types\/post"}],"author":[{"embeddable":true,"href":"https:\/\/archive.sana.sy\/es\/index.php?rest_route=\/wp\/v2\/users\/24"}],"replies":[{"embeddable":true,"href":"https:\/\/archive.sana.sy\/es\/index.php?rest_route=%2Fwp%2Fv2%2Fcomments&post=294571"}],"version-history":[{"count":2,"href":"https:\/\/archive.sana.sy\/es\/index.php?rest_route=\/wp\/v2\/posts\/294571\/revisions"}],"predecessor-version":[{"id":294575,"href":"https:\/\/archive.sana.sy\/es\/index.php?rest_route=\/wp\/v2\/posts\/294571\/revisions\/294575"}],"wp:featuredmedia":[{"embeddable":true,"href":"https:\/\/archive.sana.sy\/es\/index.php?rest_route=\/wp\/v2\/media\/294573"}],"wp:attachment":[{"href":"https:\/\/archive.sana.sy\/es\/index.php?rest_route=%2Fwp%2Fv2%2Fmedia&parent=294571"}],"wp:term":[{"taxonomy":"category","embeddable":true,"href":"https:\/\/archive.sana.sy\/es\/index.php?rest_route=%2Fwp%2Fv2%2Fcategories&post=294571"},{"taxonomy":"post_tag","embeddable":true,"href":"https:\/\/archive.sana.sy\/es\/index.php?rest_route=%2Fwp%2Fv2%2Ftags&post=294571"}],"curies":[{"name":"wp","href":"https:\/\/api.w.org\/{rel}","templated":true}]}}