{"id":294659,"date":"2023-04-21T13:46:13","date_gmt":"2023-04-21T10:46:13","guid":{"rendered":"http:\/\/sana.sy\/es\/?p=294659"},"modified":"2023-04-21T14:59:56","modified_gmt":"2023-04-21T11:59:56","slug":"presidente-al-assad-efectua-el-rezo-de-eid-al-fitr-en-damasco-2","status":"publish","type":"post","link":"https:\/\/archive.sana.sy\/es\/?p=294659","title":{"rendered":"Presidente Al-Assad efect\u00faa el rezo de Eid Al-Fitr y felicita a las Fuerzas Armadas con esta ocasi\u00f3n (+ fotos)"},"content":{"rendered":"<blockquote>\n<p style=\"text-align: justify;\"><span style=\"color: #800000;\">El jeque indic\u00f3 que la paciencia mostrada por el pueblo sirio en las duras circunstancias y su apego a su valiente ej\u00e9rcito que pudo enfrentar y vencer a los ej\u00e9rcitos m\u00e1s poderosos del mundo, hizo que el mundo volviera a Siria.<\/span><\/p>\n<\/blockquote>\n<p style=\"text-align: justify;\"><span style=\"color: #800000;\"><br \/>\n<strong>Damasco, 21 abr (SANA)<\/strong><\/span> El presidente Bashar Al-Assad, efectu\u00f3 el rezo de Eid Al-Fitr (fiesta musulmana del fin de Ramad\u00e1n, mes del ayuno), en la mezquita Hafez Al-Assad, en el barrio capitalino de Mazzeh.<\/p>\n<p style=\"text-align: justify;\">Rezaron junto al presidente al-Assad, altos funcionarios en el Estado y el Partido, disputados en el parlamento y cl\u00e9rigos musulmanes.<\/p>\n<p style=\"text-align: justify;\"><span style=\"color: #0000ff;\"><strong>Con su solidaridad, los sirios vencieron en su batalla contra el terrorismo<\/strong><\/span><\/p>\n<p style=\"text-align: justify;\">En su serm\u00f3n del Eid, el jeque Khader Shahrour, director Asuntos Religiosos de la provincia de Damasco-campo, destac\u00f3 los sublimes significados de esta fiesta religiosa, como la solidaridad, la misericordia, la cohesi\u00f3n y la tolerancia.<\/p>\n<p style=\"text-align: justify;\">\u201cEstos significados fueron reflejados en nuestra querida Siria, pues a pesar del brutal asedio, los sirios, tantos musulmanes como cristianos, se apresuraron a ayudar a los afectados por los terremotos, dando ejemplo \u00fanico\u201d, dijo Shahrour.<\/p>\n<p style=\"text-align: justify;\">Consider\u00f3 que estos valores reflejan la filosof\u00eda de alegr\u00eda en el Islam y posibilitaron a los sirios vencer en su batalla contra el terrorismo.<\/p>\n<p style=\"text-align: justify;\">El jeque indic\u00f3 que la paciencia mostrada por el pueblo sirio en las duras circunstancias y su apego a su valiente ej\u00e9rcito que pudo enfrentar y vencer a los ej\u00e9rcitos m\u00e1s poderosos del mundo, hizo que el mundo volviera a Siria.<\/p>\n<p style=\"text-align: justify;\">Hizo referencia a la vuelta con amor y a\u00f1oranza de los \u00e1rabes a Damasco, que es el coraz\u00f3n palpitante del arabismo.<\/p>\n<p style=\"text-align: justify;\"><span style=\"color: #0000ff;\"><strong>Presidente Al-Assad felicita a las Fuerzas Armadas con motivo del Eid al-Fitr<\/strong><\/span><\/p>\n<p style=\"text-align: justify;\">Asimismo, el Presidente de la Rep\u00fablica, felicit\u00f3 a las Fuerzas Armadas con motivo de Eid Al-Fitr.<\/p>\n<p style=\"text-align: justify;\">Seg\u00fan una nota del Ministerio de Defensa publicada en su p\u00e1gina de Facebook, el Presidente expres\u00f3 a todos los soldados de las Fuerzas Armadas, las m\u00e1s c\u00e1lidas y sentidas felicitaciones.<\/p>\n<p style=\"text-align: justify;\">\u201cLes deseo \u00e9xito duradero y salud y felicidad a sus familias, y rogamos a Dios Todopoderoso que esta fiesta se repita con m\u00e1s bondad, justicia y bendiciones para nuestra Patria Siria\u201d, dijo el mandatario.<\/p>\n<p style=\"text-align: justify;\">Dese\u00f3 pronta recuperaci\u00f3n a los heridos y paz para las almas de los m\u00e1rtires.<\/p>\n<p style=\"text-align: justify;\"><em><strong>fm\/ah<\/strong><\/em><\/p>\n<div id='gallery-1' class='gallery galleryid-294659 gallery-columns-1 gallery-size-full'><figure class='gallery-item'>\n\t\t\t<div class='gallery-icon landscape'>\n\t\t\t\t<a href='https:\/\/archive.sana.sy\/es\/wp-content\/uploads\/2023\/04\/DSC05247.jpg'><img loading=\"lazy\" decoding=\"async\" width=\"1200\" height=\"800\" src=\"https:\/\/archive.sana.sy\/es\/wp-content\/uploads\/2023\/04\/DSC05247.jpg\" class=\"attachment-full size-full\" alt=\"\" srcset=\"https:\/\/archive.sana.sy\/es\/wp-content\/uploads\/2023\/04\/DSC05247.jpg 1200w, https:\/\/archive.sana.sy\/es\/wp-content\/uploads\/2023\/04\/DSC05247-300x200.jpg 300w, https:\/\/archive.sana.sy\/es\/wp-content\/uploads\/2023\/04\/DSC05247-1024x683.jpg 1024w, https:\/\/archive.sana.sy\/es\/wp-content\/uploads\/2023\/04\/DSC05247-150x100.jpg 150w, https:\/\/archive.sana.sy\/es\/wp-content\/uploads\/2023\/04\/DSC05247-768x512.jpg 768w\" sizes=\"(max-width: 1200px) 100vw, 1200px\" \/><\/a>\n\t\t\t<\/div><\/figure><figure class='gallery-item'>\n\t\t\t<div class='gallery-icon landscape'>\n\t\t\t\t<a href='https:\/\/archive.sana.sy\/es\/wp-content\/uploads\/2023\/04\/NJY_5215-1.jpg'><img loading=\"lazy\" decoding=\"async\" width=\"1200\" height=\"800\" src=\"https:\/\/archive.sana.sy\/es\/wp-content\/uploads\/2023\/04\/NJY_5215-1.jpg\" class=\"attachment-full size-full\" alt=\"\" srcset=\"https:\/\/archive.sana.sy\/es\/wp-content\/uploads\/2023\/04\/NJY_5215-1.jpg 1200w, https:\/\/archive.sana.sy\/es\/wp-content\/uploads\/2023\/04\/NJY_5215-1-300x200.jpg 300w, https:\/\/archive.sana.sy\/es\/wp-content\/uploads\/2023\/04\/NJY_5215-1-1024x683.jpg 1024w, https:\/\/archive.sana.sy\/es\/wp-content\/uploads\/2023\/04\/NJY_5215-1-150x100.jpg 150w, https:\/\/archive.sana.sy\/es\/wp-content\/uploads\/2023\/04\/NJY_5215-1-768x512.jpg 768w\" sizes=\"(max-width: 1200px) 100vw, 1200px\" \/><\/a>\n\t\t\t<\/div><\/figure><figure class='gallery-item'>\n\t\t\t<div class='gallery-icon landscape'>\n\t\t\t\t<a href='https:\/\/archive.sana.sy\/es\/wp-content\/uploads\/2023\/04\/\u0635\u0644\u0627\u0629-2.jpg'><img loading=\"lazy\" decoding=\"async\" width=\"1200\" height=\"800\" src=\"https:\/\/archive.sana.sy\/es\/wp-content\/uploads\/2023\/04\/\u0635\u0644\u0627\u0629-2.jpg\" class=\"attachment-full size-full\" alt=\"\" srcset=\"https:\/\/archive.sana.sy\/es\/wp-content\/uploads\/2023\/04\/\u0635\u0644\u0627\u0629-2.jpg 1200w, https:\/\/archive.sana.sy\/es\/wp-content\/uploads\/2023\/04\/\u0635\u0644\u0627\u0629-2-300x200.jpg 300w, https:\/\/archive.sana.sy\/es\/wp-content\/uploads\/2023\/04\/\u0635\u0644\u0627\u0629-2-1024x683.jpg 1024w, https:\/\/archive.sana.sy\/es\/wp-content\/uploads\/2023\/04\/\u0635\u0644\u0627\u0629-2-150x100.jpg 150w, https:\/\/archive.sana.sy\/es\/wp-content\/uploads\/2023\/04\/\u0635\u0644\u0627\u0629-2-768x512.jpg 768w\" sizes=\"(max-width: 1200px) 100vw, 1200px\" \/><\/a>\n\t\t\t<\/div><\/figure><figure class='gallery-item'>\n\t\t\t<div class='gallery-icon landscape'>\n\t\t\t\t<a href='https:\/\/archive.sana.sy\/es\/wp-content\/uploads\/2023\/04\/\u0635\u0644\u0627\u0629-3-3.jpg'><img loading=\"lazy\" decoding=\"async\" width=\"1200\" height=\"800\" src=\"https:\/\/archive.sana.sy\/es\/wp-content\/uploads\/2023\/04\/\u0635\u0644\u0627\u0629-3-3.jpg\" class=\"attachment-full size-full\" alt=\"\" srcset=\"https:\/\/archive.sana.sy\/es\/wp-content\/uploads\/2023\/04\/\u0635\u0644\u0627\u0629-3-3.jpg 1200w, https:\/\/archive.sana.sy\/es\/wp-content\/uploads\/2023\/04\/\u0635\u0644\u0627\u0629-3-3-300x200.jpg 300w, https:\/\/archive.sana.sy\/es\/wp-content\/uploads\/2023\/04\/\u0635\u0644\u0627\u0629-3-3-1024x683.jpg 1024w, https:\/\/archive.sana.sy\/es\/wp-content\/uploads\/2023\/04\/\u0635\u0644\u0627\u0629-3-3-150x100.jpg 150w, https:\/\/archive.sana.sy\/es\/wp-content\/uploads\/2023\/04\/\u0635\u0644\u0627\u0629-3-3-768x512.jpg 768w\" sizes=\"(max-width: 1200px) 100vw, 1200px\" \/><\/a>\n\t\t\t<\/div><\/figure><figure class='gallery-item'>\n\t\t\t<div class='gallery-icon landscape'>\n\t\t\t\t<a href='https:\/\/archive.sana.sy\/es\/wp-content\/uploads\/2023\/04\/\u0635\u0644\u0627\u0629-5.jpg'><img loading=\"lazy\" decoding=\"async\" width=\"1200\" height=\"927\" src=\"https:\/\/archive.sana.sy\/es\/wp-content\/uploads\/2023\/04\/\u0635\u0644\u0627\u0629-5.jpg\" class=\"attachment-full size-full\" alt=\"\" srcset=\"https:\/\/archive.sana.sy\/es\/wp-content\/uploads\/2023\/04\/\u0635\u0644\u0627\u0629-5.jpg 1200w, https:\/\/archive.sana.sy\/es\/wp-content\/uploads\/2023\/04\/\u0635\u0644\u0627\u0629-5-300x232.jpg 300w, https:\/\/archive.sana.sy\/es\/wp-content\/uploads\/2023\/04\/\u0635\u0644\u0627\u0629-5-1024x791.jpg 1024w, https:\/\/archive.sana.sy\/es\/wp-content\/uploads\/2023\/04\/\u0635\u0644\u0627\u0629-5-150x116.jpg 150w, https:\/\/archive.sana.sy\/es\/wp-content\/uploads\/2023\/04\/\u0635\u0644\u0627\u0629-5-768x593.jpg 768w\" sizes=\"(max-width: 1200px) 100vw, 1200px\" \/><\/a>\n\t\t\t<\/div><\/figure>\n\t\t<\/div>\n\n","protected":false},"excerpt":{"rendered":"<p>El jeque indic\u00f3 que la paciencia mostrada por el pueblo sirio en las duras circunstancias y su apego a su valiente ej\u00e9rcito que pudo enfrentar y vencer a los ej\u00e9rcitos m\u00e1s poderosos del mundo, hizo que el mundo volviera a Siria. Damasco, 21 abr (SANA) El presidente Bashar Al-Assad, efectu\u00f3 el rezo de Eid Al-Fitr &hellip;<\/p>\n","protected":false},"author":30,"featured_media":294686,"comment_status":"closed","ping_status":"closed","sticky":false,"template":"","format":"standard","meta":{"footnotes":""},"categories":[597,20724,616,16237,583,626],"tags":[],"class_list":["post-294659","post","type-post","status-publish","format-standard","has-post-thumbnail","","category-cinta-de-noticias","category-minuto-a-minuto","category-noticias-en-fotos","category-presidence-de-la-republique-arabe-syria","category-slide","category-sr-presidente"],"_links":{"self":[{"href":"https:\/\/archive.sana.sy\/es\/index.php?rest_route=\/wp\/v2\/posts\/294659"}],"collection":[{"href":"https:\/\/archive.sana.sy\/es\/index.php?rest_route=\/wp\/v2\/posts"}],"about":[{"href":"https:\/\/archive.sana.sy\/es\/index.php?rest_route=\/wp\/v2\/types\/post"}],"author":[{"embeddable":true,"href":"https:\/\/archive.sana.sy\/es\/index.php?rest_route=\/wp\/v2\/users\/30"}],"replies":[{"embeddable":true,"href":"https:\/\/archive.sana.sy\/es\/index.php?rest_route=%2Fwp%2Fv2%2Fcomments&post=294659"}],"version-history":[{"count":5,"href":"https:\/\/archive.sana.sy\/es\/index.php?rest_route=\/wp\/v2\/posts\/294659\/revisions"}],"predecessor-version":[{"id":294687,"href":"https:\/\/archive.sana.sy\/es\/index.php?rest_route=\/wp\/v2\/posts\/294659\/revisions\/294687"}],"wp:featuredmedia":[{"embeddable":true,"href":"https:\/\/archive.sana.sy\/es\/index.php?rest_route=\/wp\/v2\/media\/294686"}],"wp:attachment":[{"href":"https:\/\/archive.sana.sy\/es\/index.php?rest_route=%2Fwp%2Fv2%2Fmedia&parent=294659"}],"wp:term":[{"taxonomy":"category","embeddable":true,"href":"https:\/\/archive.sana.sy\/es\/index.php?rest_route=%2Fwp%2Fv2%2Fcategories&post=294659"},{"taxonomy":"post_tag","embeddable":true,"href":"https:\/\/archive.sana.sy\/es\/index.php?rest_route=%2Fwp%2Fv2%2Ftags&post=294659"}],"curies":[{"name":"wp","href":"https:\/\/api.w.org\/{rel}","templated":true}]}}