{"id":294679,"date":"2023-04-21T08:25:47","date_gmt":"2023-04-21T05:25:47","guid":{"rendered":"http:\/\/sana.sy\/es\/?p=294679"},"modified":"2023-04-21T08:26:02","modified_gmt":"2023-04-21T05:26:02","slug":"294679","status":"publish","type":"post","link":"https:\/\/archive.sana.sy\/es\/?p=294679","title":{"rendered":"Lavrov: Washington declar\u00f3 una cruzada contra Rusia y sus intereses"},"content":{"rendered":"<blockquote><p><span style=\"color: #993300;\">En comentario sobre las relaciones rusas-estadounidenses, Lavrov agreg\u00f3 que casi no existen, y Rusia busca, solo si es necesario, solucionar los problemas que aparecen en el trabajo de las embajadas de ambas partes o aquellos relacionados con los intentos estadounidenses de abusar de su condici\u00f3n de pa\u00eds anfitri\u00f3n de la sede de las Naciones Unidas.<\/span><\/p><\/blockquote>\n<p style=\"text-align: justify;\"><span style=\"color: #800000;\"><strong>La Habana, 21 abr (SANA)<\/strong> <\/span>El ministro de Exteriores de Rusia, Sergu\u00e9i Lavrov, afirm\u00f3 que Estados Unidos declar\u00f3 una cruzada contra Rusia y sus intereses.<\/p>\n<p style=\"text-align: justify;\">\u201cTodo el mundo sabe y es consciente de que los estadounidenses declararon una cruzada contra Rusia y sus intereses leg\u00edtimos y contra la cultura y las tradiciones rusas\u201d, dijo el Canciller citado por Sputnik, durante su visita a Cuba.<\/p>\n<p style=\"text-align: justify;\">El jefe de la diplomacia rusa se\u00f1al\u00f3 que Estados Unidos eligi\u00f3 al r\u00e9gimen nazi de Kiev como punta de lanza en su combate.<br \/>\nEn comentario sobre las relaciones rusas-estadounidenses, Lavrov agreg\u00f3 que casi no existen, y Rusia busca, solo si es necesario, solucionar los problemas que aparecen en el trabajo de las embajadas de ambas partes o aquellos relacionados con los intentos estadounidenses de abusar de su condici\u00f3n de pa\u00eds anfitri\u00f3n de la sede de las Naciones Unidas.<\/p>\n<p style=\"text-align: justify;\">Lavrov est\u00e1 en Cuba como parte de su gira por Am\u00e9rica Latina del 17 al 21 del mes en curso, y que tambi\u00e9n incluy\u00f3 a Brasil, Venezuela y Nicaragua.<\/p>\n<p style=\"text-align: justify;\"><em><strong>ah\/fm<\/strong><\/em><\/p>\n","protected":false},"excerpt":{"rendered":"<p>En comentario sobre las relaciones rusas-estadounidenses, Lavrov agreg\u00f3 que casi no existen, y Rusia busca, solo si es necesario, solucionar los problemas que aparecen en el trabajo de las embajadas de ambas partes o aquellos relacionados con los intentos estadounidenses de abusar de su condici\u00f3n de pa\u00eds anfitri\u00f3n de la sede de las Naciones Unidas. &hellip;<\/p>\n","protected":false},"author":30,"featured_media":294680,"comment_status":"closed","ping_status":"closed","sticky":false,"template":"","format":"standard","meta":{"footnotes":""},"categories":[456,16687,20724],"tags":[],"class_list":["post-294679","post","type-post","status-publish","format-standard","has-post-thumbnail","","category-arabe-internacional-politica","category-internacionales","category-minuto-a-minuto"],"_links":{"self":[{"href":"https:\/\/archive.sana.sy\/es\/index.php?rest_route=\/wp\/v2\/posts\/294679"}],"collection":[{"href":"https:\/\/archive.sana.sy\/es\/index.php?rest_route=\/wp\/v2\/posts"}],"about":[{"href":"https:\/\/archive.sana.sy\/es\/index.php?rest_route=\/wp\/v2\/types\/post"}],"author":[{"embeddable":true,"href":"https:\/\/archive.sana.sy\/es\/index.php?rest_route=\/wp\/v2\/users\/30"}],"replies":[{"embeddable":true,"href":"https:\/\/archive.sana.sy\/es\/index.php?rest_route=%2Fwp%2Fv2%2Fcomments&post=294679"}],"version-history":[{"count":2,"href":"https:\/\/archive.sana.sy\/es\/index.php?rest_route=\/wp\/v2\/posts\/294679\/revisions"}],"predecessor-version":[{"id":294682,"href":"https:\/\/archive.sana.sy\/es\/index.php?rest_route=\/wp\/v2\/posts\/294679\/revisions\/294682"}],"wp:featuredmedia":[{"embeddable":true,"href":"https:\/\/archive.sana.sy\/es\/index.php?rest_route=\/wp\/v2\/media\/294680"}],"wp:attachment":[{"href":"https:\/\/archive.sana.sy\/es\/index.php?rest_route=%2Fwp%2Fv2%2Fmedia&parent=294679"}],"wp:term":[{"taxonomy":"category","embeddable":true,"href":"https:\/\/archive.sana.sy\/es\/index.php?rest_route=%2Fwp%2Fv2%2Fcategories&post=294679"},{"taxonomy":"post_tag","embeddable":true,"href":"https:\/\/archive.sana.sy\/es\/index.php?rest_route=%2Fwp%2Fv2%2Ftags&post=294679"}],"curies":[{"name":"wp","href":"https:\/\/api.w.org\/{rel}","templated":true}]}}