{"id":294689,"date":"2023-04-21T13:11:02","date_gmt":"2023-04-21T10:11:02","guid":{"rendered":"http:\/\/sana.sy\/es\/?p=294689"},"modified":"2023-04-21T20:51:48","modified_gmt":"2023-04-21T17:51:48","slug":"ejercito-ruso-derriba-avion-de-combate-ucraniano-en-donetsk","status":"publish","type":"post","link":"https:\/\/archive.sana.sy\/es\/?p=294689","title":{"rendered":"Ej\u00e9rcito ruso derriba avi\u00f3n de combate ucraniano en Donetsk"},"content":{"rendered":"<blockquote><p><span style=\"color: #800000;\">\u201cLas unidades de reconocimiento a\u00e9reo detectaron un grupo de reconocimiento enemigo y eliminaron a 4 soldados ucranianos por el fuego de los morteros\u201d<\/span><\/p><\/blockquote>\n<p style=\"text-align: justify;\"><span style=\"color: #800000;\"><strong>Mosc\u00fa, 21 abr (SANA)<\/strong> <\/span>Los sistemas de defensa a\u00e9rea rusos derribaron hoy un caza ucraniano Su-25 cerca de la ciudad de Oglidar,\u00a0 en la Rep\u00fablica de Donetsk.<\/p>\n<p style=\"text-align: justify;\">\u201cEl intento del enemigo de lanzar un ataque a\u00e9reo contra las posiciones avanzadas de Vostok que se concentran para avanzar hacia el eje al sur de Donetsk ha sido frustrado, ya que los sistemas port\u00e1tiles de defensa a\u00e9rea Igla del Cuerpo de Marines de la Flota del Pac\u00edfico derribaron un avi\u00f3n de ataque ucraniano Su-25, cerca de la ciudad de Oglidar\u201d, dijo hoy Alexander Gordeev, \u00a0jefe del centro de prensa del Grupo Vostok en un comunicado citado por Sputnik.<\/p>\n<p style=\"text-align: justify;\">Gordiev agreg\u00f3 que las unidades de reconocimiento a\u00e9reo detectaron un grupo de reconocimiento enemigo y eliminaron a 4 soldados ucranianos por el fuego de los morteros.<\/p>\n<p style=\"text-align: justify;\">Las fuerzas rusas contin\u00faan su operaci\u00f3n militar especial para la liberar las cuatro regiones que se unieron a la Federaci\u00f3n de Rusia el a\u00f1o pasado: las rep\u00fablicas de Donetsk y Lugansk y las regiones de Zaporozhye y Jers\u00f3n.<\/p>\n<p style=\"text-align: justify;\"><em><strong>ah\/fm<\/strong><\/em><\/p>\n","protected":false},"excerpt":{"rendered":"<p>\u201cLas unidades de reconocimiento a\u00e9reo detectaron un grupo de reconocimiento enemigo y eliminaron a 4 soldados ucranianos por el fuego de los morteros\u201d Mosc\u00fa, 21 abr (SANA) Los sistemas de defensa a\u00e9rea rusos derribaron hoy un caza ucraniano Su-25 cerca de la ciudad de Oglidar,\u00a0 en la Rep\u00fablica de Donetsk. \u201cEl intento del enemigo de &hellip;<\/p>\n","protected":false},"author":30,"featured_media":294690,"comment_status":"closed","ping_status":"closed","sticky":false,"template":"","format":"standard","meta":{"footnotes":""},"categories":[597,456,16687,20724],"tags":[],"class_list":["post-294689","post","type-post","status-publish","format-standard","has-post-thumbnail","","category-cinta-de-noticias","category-arabe-internacional-politica","category-internacionales","category-minuto-a-minuto"],"_links":{"self":[{"href":"https:\/\/archive.sana.sy\/es\/index.php?rest_route=\/wp\/v2\/posts\/294689"}],"collection":[{"href":"https:\/\/archive.sana.sy\/es\/index.php?rest_route=\/wp\/v2\/posts"}],"about":[{"href":"https:\/\/archive.sana.sy\/es\/index.php?rest_route=\/wp\/v2\/types\/post"}],"author":[{"embeddable":true,"href":"https:\/\/archive.sana.sy\/es\/index.php?rest_route=\/wp\/v2\/users\/30"}],"replies":[{"embeddable":true,"href":"https:\/\/archive.sana.sy\/es\/index.php?rest_route=%2Fwp%2Fv2%2Fcomments&post=294689"}],"version-history":[{"count":1,"href":"https:\/\/archive.sana.sy\/es\/index.php?rest_route=\/wp\/v2\/posts\/294689\/revisions"}],"predecessor-version":[{"id":294691,"href":"https:\/\/archive.sana.sy\/es\/index.php?rest_route=\/wp\/v2\/posts\/294689\/revisions\/294691"}],"wp:featuredmedia":[{"embeddable":true,"href":"https:\/\/archive.sana.sy\/es\/index.php?rest_route=\/wp\/v2\/media\/294690"}],"wp:attachment":[{"href":"https:\/\/archive.sana.sy\/es\/index.php?rest_route=%2Fwp%2Fv2%2Fmedia&parent=294689"}],"wp:term":[{"taxonomy":"category","embeddable":true,"href":"https:\/\/archive.sana.sy\/es\/index.php?rest_route=%2Fwp%2Fv2%2Fcategories&post=294689"},{"taxonomy":"post_tag","embeddable":true,"href":"https:\/\/archive.sana.sy\/es\/index.php?rest_route=%2Fwp%2Fv2%2Ftags&post=294689"}],"curies":[{"name":"wp","href":"https:\/\/api.w.org\/{rel}","templated":true}]}}