{"id":294692,"date":"2023-04-21T13:14:58","date_gmt":"2023-04-21T10:14:58","guid":{"rendered":"http:\/\/sana.sy\/es\/?p=294692"},"modified":"2023-04-21T13:16:31","modified_gmt":"2023-04-21T10:16:31","slug":"serbia-ratifica-negativa-a-ceder-a-la-presion-occidental-para-imponer-sanciones-contra-rusia","status":"publish","type":"post","link":"https:\/\/archive.sana.sy\/es\/?p=294692","title":{"rendered":"Serbia ratifica negativa a ceder a la presi\u00f3n occidental para imponer sanciones contra Rusia"},"content":{"rendered":"<blockquote><p>&#8220;Las repetidas presiones y demandas occidentales para que su pa\u00eds imponga sanciones se han convertido en una fuente de aburrimiento y molestia&#8221;<\/p><\/blockquote>\n<p style=\"text-align: justify;\"><span style=\"color: #800000;\"><strong>Belgrado, 21 abr (SANA)<\/strong><\/span> El presidente serbio, Aleksandar Vucic, reiter\u00f3 la negativa de su pa\u00eds a ceder a la presi\u00f3n occidental para imponer sanciones a Rusia.<\/p>\n<p style=\"text-align: justify;\">\u201cSerbia no apoya las sanciones occidentales contra Rusia y se adhiere a su neutralidad militar\u201d, dijo Vucic, citado por la agencia de noticias Novosti, despu\u00e9s de las conversaciones con el canciller sueco, Tobias Pelstr\u00f6m.<\/p>\n<p style=\"text-align: justify;\">El mandatario serbio agreg\u00f3 que las repetidas presiones y demandas occidentales para que su pa\u00eds imponga sanciones se han convertido en una fuente de aburrimiento y molestia.<\/p>\n<p style=\"text-align: justify;\">Vucic record\u00f3 los cr\u00edmenes de la OTAN contra el pueblo serbio, y explic\u00f3 que el 23 del mes en curso marca el vig\u00e9simo cuarto aniversario del ataque a\u00e9reo lanzado por las fuerzas de la OTAN en 1999 contra el edificio de la radio y la televisi\u00f3n de Serbia, en el que murieron 16 de sus empleados.<\/p>\n<p style=\"text-align: justify;\">Anteriormente Vucic enfatiz\u00f3 que Serbia no olvidar\u00e1 la agresi\u00f3n de la OTAN en su contra y su bombardeo con proyectiles de uranio empobrecido, y dijo: Solo podemos olvidar si no queda un solo serbio en existencia.<\/p>\n<p style=\"text-align: justify;\"><em><strong>ah\/fm<\/strong><\/em><\/p>\n","protected":false},"excerpt":{"rendered":"<p>&#8220;Las repetidas presiones y demandas occidentales para que su pa\u00eds imponga sanciones se han convertido en una fuente de aburrimiento y molestia&#8221; Belgrado, 21 abr (SANA) El presidente serbio, Aleksandar Vucic, reiter\u00f3 la negativa de su pa\u00eds a ceder a la presi\u00f3n occidental para imponer sanciones a Rusia. \u201cSerbia no apoya las sanciones occidentales contra &hellip;<\/p>\n","protected":false},"author":30,"featured_media":294693,"comment_status":"closed","ping_status":"closed","sticky":false,"template":"","format":"standard","meta":{"footnotes":""},"categories":[456,16687,20724],"tags":[],"class_list":["post-294692","post","type-post","status-publish","format-standard","has-post-thumbnail","","category-arabe-internacional-politica","category-internacionales","category-minuto-a-minuto"],"_links":{"self":[{"href":"https:\/\/archive.sana.sy\/es\/index.php?rest_route=\/wp\/v2\/posts\/294692"}],"collection":[{"href":"https:\/\/archive.sana.sy\/es\/index.php?rest_route=\/wp\/v2\/posts"}],"about":[{"href":"https:\/\/archive.sana.sy\/es\/index.php?rest_route=\/wp\/v2\/types\/post"}],"author":[{"embeddable":true,"href":"https:\/\/archive.sana.sy\/es\/index.php?rest_route=\/wp\/v2\/users\/30"}],"replies":[{"embeddable":true,"href":"https:\/\/archive.sana.sy\/es\/index.php?rest_route=%2Fwp%2Fv2%2Fcomments&post=294692"}],"version-history":[{"count":2,"href":"https:\/\/archive.sana.sy\/es\/index.php?rest_route=\/wp\/v2\/posts\/294692\/revisions"}],"predecessor-version":[{"id":294695,"href":"https:\/\/archive.sana.sy\/es\/index.php?rest_route=\/wp\/v2\/posts\/294692\/revisions\/294695"}],"wp:featuredmedia":[{"embeddable":true,"href":"https:\/\/archive.sana.sy\/es\/index.php?rest_route=\/wp\/v2\/media\/294693"}],"wp:attachment":[{"href":"https:\/\/archive.sana.sy\/es\/index.php?rest_route=%2Fwp%2Fv2%2Fmedia&parent=294692"}],"wp:term":[{"taxonomy":"category","embeddable":true,"href":"https:\/\/archive.sana.sy\/es\/index.php?rest_route=%2Fwp%2Fv2%2Fcategories&post=294692"},{"taxonomy":"post_tag","embeddable":true,"href":"https:\/\/archive.sana.sy\/es\/index.php?rest_route=%2Fwp%2Fv2%2Ftags&post=294692"}],"curies":[{"name":"wp","href":"https:\/\/api.w.org\/{rel}","templated":true}]}}