{"id":294699,"date":"2023-04-21T17:00:34","date_gmt":"2023-04-21T14:00:34","guid":{"rendered":"http:\/\/sana.sy\/es\/?p=294699"},"modified":"2023-04-21T17:01:53","modified_gmt":"2023-04-21T14:01:53","slug":"terroristas-en-siria-se-alistan-para-cometer-ataque-de-falsa-bandera","status":"publish","type":"post","link":"https:\/\/archive.sana.sy\/es\/?p=294699","title":{"rendered":"Terroristas en Siria se alistan para cometer ataque de falsa bandera"},"content":{"rendered":"<blockquote>\n<p style=\"text-align: justify;\"><span style=\"color: #993300;\">Gorinov: Los pobladores informaron que los l\u00edderes de las organizaciones terroristas en la ciudad de Deir Sunbul, a unos 26 km al sur de la cabecera provincial, se est\u00e1n preparando para una provocaci\u00f3n mediante el uso de armas de fuego contra civiles, para acusar luego a las fuerzas rusas y sirias.<\/span><\/p>\n<\/blockquote>\n<p style=\"text-align: justify;\"><span style=\"color: #800000;\"><strong>Mosc\u00fa, 21 abr (SANA)\u00a0 <\/strong><\/span>\u00a0 El Ministerio de Defensa de Rusia anunci\u00f3 hoy que las organizaciones terroristas desplegadas en la provincia septentrional de Idlib se preparan para perpetrar un ataque contra civiles para acusar luego al Ej\u00e9rcito \u00c1rabe Sirio y a las fuerzas rusas.<\/p>\n<p style=\"text-align: justify;\">El subjefe del Centro de Coordinaci\u00f3n Ruso en Hemeimim, Oleg Gorinov, explic\u00f3 en rueda de prensa que su centro recibi\u00f3 informaci\u00f3n de los pobladores de que los l\u00edderes de las organizaciones terroristas en la ciudad de Deir Sunbul, a unos 26 km al sur de la cabecera provincial, se est\u00e1n preparando para una provocaci\u00f3n mediante el uso de armas de fuego contra civiles, para acusar luego a las fuerzas rusas y sirias\u201d.<\/p>\n<p style=\"text-align: justify;\">En un contexto relacionado, el oficial ruso anunci\u00f3 que se detectaron cinco ataques de los terroristas de los grupos \u201cFrente Al-Nousra\u201d y \u201cPartido Isl\u00e1mico de Turkest\u00e1n\u201d en la zona de desescalada en Idlib y zonas cercanas, durante las \u00faltimas 24 horas.<\/p>\n<p style=\"text-align: justify;\">fm<\/p>\n","protected":false},"excerpt":{"rendered":"<p>Gorinov: Los pobladores informaron que los l\u00edderes de las organizaciones terroristas en la ciudad de Deir Sunbul, a unos 26 km al sur de la cabecera provincial, se est\u00e1n preparando para una provocaci\u00f3n mediante el uso de armas de fuego contra civiles, para acusar luego a las fuerzas rusas y sirias. Mosc\u00fa, 21 abr (SANA)\u00a0 &hellip;<\/p>\n","protected":false},"author":34,"featured_media":294701,"comment_status":"closed","ping_status":"closed","sticky":false,"template":"","format":"standard","meta":{"footnotes":""},"categories":[477,447,573,20724,476,7541],"tags":[],"class_list":["post-294699","post","type-post","status-publish","format-standard","has-post-thumbnail","","category-noticias-edulcorantes","category-local-politica","category-la-realidad-de-los-acontecimientos-en-siria","category-minuto-a-minuto","category-locales","category-ultimas-noticias"],"_links":{"self":[{"href":"https:\/\/archive.sana.sy\/es\/index.php?rest_route=\/wp\/v2\/posts\/294699"}],"collection":[{"href":"https:\/\/archive.sana.sy\/es\/index.php?rest_route=\/wp\/v2\/posts"}],"about":[{"href":"https:\/\/archive.sana.sy\/es\/index.php?rest_route=\/wp\/v2\/types\/post"}],"author":[{"embeddable":true,"href":"https:\/\/archive.sana.sy\/es\/index.php?rest_route=\/wp\/v2\/users\/34"}],"replies":[{"embeddable":true,"href":"https:\/\/archive.sana.sy\/es\/index.php?rest_route=%2Fwp%2Fv2%2Fcomments&post=294699"}],"version-history":[{"count":2,"href":"https:\/\/archive.sana.sy\/es\/index.php?rest_route=\/wp\/v2\/posts\/294699\/revisions"}],"predecessor-version":[{"id":294703,"href":"https:\/\/archive.sana.sy\/es\/index.php?rest_route=\/wp\/v2\/posts\/294699\/revisions\/294703"}],"wp:featuredmedia":[{"embeddable":true,"href":"https:\/\/archive.sana.sy\/es\/index.php?rest_route=\/wp\/v2\/media\/294701"}],"wp:attachment":[{"href":"https:\/\/archive.sana.sy\/es\/index.php?rest_route=%2Fwp%2Fv2%2Fmedia&parent=294699"}],"wp:term":[{"taxonomy":"category","embeddable":true,"href":"https:\/\/archive.sana.sy\/es\/index.php?rest_route=%2Fwp%2Fv2%2Fcategories&post=294699"},{"taxonomy":"post_tag","embeddable":true,"href":"https:\/\/archive.sana.sy\/es\/index.php?rest_route=%2Fwp%2Fv2%2Ftags&post=294699"}],"curies":[{"name":"wp","href":"https:\/\/api.w.org\/{rel}","templated":true}]}}