{"id":294728,"date":"2023-04-21T18:53:52","date_gmt":"2023-04-21T15:53:52","guid":{"rendered":"http:\/\/sana.sy\/es\/?p=294728"},"modified":"2023-04-21T18:53:52","modified_gmt":"2023-04-21T15:53:52","slug":"las-fuerzas-de-kiev-tratan-usar-armas-quimicas-en-zaporozhie-afirma-rusia","status":"publish","type":"post","link":"https:\/\/archive.sana.sy\/es\/?p=294728","title":{"rendered":"Las fuerzas de Kiev tratan usar armas qu\u00edmicas en Zaporozhie, afirma Rusia"},"content":{"rendered":"<p style=\"text-align: justify;\"><span style=\"color: #800000;\"><strong>Mosc\u00fa, 21 abr (SANA)<\/strong><\/span>\u00a0 \u00a0El jefe del movimiento \u201cEstamos con Rusia\u201d, Vladimir Rogov, anunci\u00f3 el intento de las fuerzas ucranianas de utilizar armas qu\u00edmicas en el eje de Zaporozhie.<\/p>\n<p style=\"text-align: justify;\">&#8220;Los ucranianos nazis intentaron, a trav\u00e9s de drones, lanzar una sustancia desconocida, y nuestros soldados respondieron r\u00e1pidamente a la fuente del fuego&#8221;, cit\u00f3 la agencia Sputnik a Rogov.<\/p>\n<p style=\"text-align: justify;\">Se\u00f1al\u00f3 que uno de los soldados rusos sufri\u00f3 quemaduras qu\u00edmicas pero sus lesiones no son graves.<\/p>\n<p style=\"text-align: justify;\">&#8220;En previsi\u00f3n de una repetici\u00f3n de tal ataque, se han entregado equipos de protecci\u00f3n qu\u00edmica al personal en las l\u00edneas del frente&#8221;, detall\u00f3.<\/p>\n<p style=\"text-align: justify;\">rr\/fm<\/p>\n","protected":false},"excerpt":{"rendered":"<p>Mosc\u00fa, 21 abr (SANA)\u00a0 \u00a0El jefe del movimiento \u201cEstamos con Rusia\u201d, Vladimir Rogov, anunci\u00f3 el intento de las fuerzas ucranianas de utilizar armas qu\u00edmicas en el eje de Zaporozhie. &#8220;Los ucranianos nazis intentaron, a trav\u00e9s de drones, lanzar una sustancia desconocida, y nuestros soldados respondieron r\u00e1pidamente a la fuente del fuego&#8221;, cit\u00f3 la agencia Sputnik &hellip;<\/p>\n","protected":false},"author":31,"featured_media":294729,"comment_status":"closed","ping_status":"closed","sticky":false,"template":"","format":"standard","meta":{"footnotes":""},"categories":[456,16687],"tags":[6695,20357],"class_list":["post-294728","post","type-post","status-publish","format-standard","has-post-thumbnail","","category-arabe-internacional-politica","category-internacionales","tag-rusia","tag-ucrania"],"_links":{"self":[{"href":"https:\/\/archive.sana.sy\/es\/index.php?rest_route=\/wp\/v2\/posts\/294728"}],"collection":[{"href":"https:\/\/archive.sana.sy\/es\/index.php?rest_route=\/wp\/v2\/posts"}],"about":[{"href":"https:\/\/archive.sana.sy\/es\/index.php?rest_route=\/wp\/v2\/types\/post"}],"author":[{"embeddable":true,"href":"https:\/\/archive.sana.sy\/es\/index.php?rest_route=\/wp\/v2\/users\/31"}],"replies":[{"embeddable":true,"href":"https:\/\/archive.sana.sy\/es\/index.php?rest_route=%2Fwp%2Fv2%2Fcomments&post=294728"}],"version-history":[{"count":1,"href":"https:\/\/archive.sana.sy\/es\/index.php?rest_route=\/wp\/v2\/posts\/294728\/revisions"}],"predecessor-version":[{"id":294730,"href":"https:\/\/archive.sana.sy\/es\/index.php?rest_route=\/wp\/v2\/posts\/294728\/revisions\/294730"}],"wp:featuredmedia":[{"embeddable":true,"href":"https:\/\/archive.sana.sy\/es\/index.php?rest_route=\/wp\/v2\/media\/294729"}],"wp:attachment":[{"href":"https:\/\/archive.sana.sy\/es\/index.php?rest_route=%2Fwp%2Fv2%2Fmedia&parent=294728"}],"wp:term":[{"taxonomy":"category","embeddable":true,"href":"https:\/\/archive.sana.sy\/es\/index.php?rest_route=%2Fwp%2Fv2%2Fcategories&post=294728"},{"taxonomy":"post_tag","embeddable":true,"href":"https:\/\/archive.sana.sy\/es\/index.php?rest_route=%2Fwp%2Fv2%2Ftags&post=294728"}],"curies":[{"name":"wp","href":"https:\/\/api.w.org\/{rel}","templated":true}]}}