{"id":294839,"date":"2023-04-22T09:40:25","date_gmt":"2023-04-22T06:40:25","guid":{"rendered":"http:\/\/sana.sy\/es\/?p=294839"},"modified":"2023-04-22T18:15:19","modified_gmt":"2023-04-22T15:15:19","slug":"rusia-responde-a-la-expulsion-en-masa-de-sus-diplomaticos-de-alemania","status":"publish","type":"post","link":"https:\/\/archive.sana.sy\/es\/?p=294839","title":{"rendered":"Rusia responde a la expulsi\u00f3n &#8220;en masa&#8221; de sus diplom\u00e1ticos de Alemania"},"content":{"rendered":"<p style=\"text-align: justify;\"><span style=\"color: #800000;\"><strong>Mosc\u00fa, 22 abr (SANA)<\/strong><\/span>\u00a0 \u00a0 Rusia condena en\u00e9rgicamente la expulsi\u00f3n de sus diplom\u00e1ticos de Alemania y ha respondido de forma sim\u00e9trica a ello, comunic\u00f3 el Ministerio de Asuntos Exteriores ruso.<\/p>\n<p style=\"text-align: justify;\">&#8220;Las autoridades alemanas tomaron la decisi\u00f3n de volver a expulsar en masa al personal de las misiones diplom\u00e1ticas rusas en Alemania&#8230; Condenamos en\u00e9rgicamente estas acciones de Berl\u00edn, que sigue destruyendo de manera demostrativa el conjunto de las relaciones ruso-alemanas, incluida su dimensi\u00f3n diplom\u00e1tica&#8221;, declararon desde la Canciller\u00eda rusa.<\/p>\n<p style=\"text-align: justify;\">Como reacci\u00f3n a las &#8220;acciones hostiles de Berl\u00edn&#8221;, la parte rusa, seg\u00fan el ente, decidi\u00f3 responder de la misma manera y expulsar a diplom\u00e1ticos alemanes de Rusia, adem\u00e1s de limitar significativamente el n\u00famero m\u00e1ximo de miembros de las misiones diplom\u00e1ticas alemanas en el pa\u00eds, seg\u00fan se inform\u00f3 al embajador de Alemania en Rusia el 5 de abril de 2023.<\/p>\n<p style=\"text-align: justify;\">M\u00e1s tarde, la portavoz del Ministerio de Asuntos Exteriores ruso, Mar\u00eda Zaj\u00e1rova, declar\u00f3 que Rusia expulsa a m\u00e1s de 20 diplom\u00e1ticos alemanes.<\/p>\n<p style=\"text-align: justify;\">fm\/rr<\/p>\n<p style=\"text-align: justify;\">\n","protected":false},"excerpt":{"rendered":"<p>Mosc\u00fa, 22 abr (SANA)\u00a0 \u00a0 Rusia condena en\u00e9rgicamente la expulsi\u00f3n de sus diplom\u00e1ticos de Alemania y ha respondido de forma sim\u00e9trica a ello, comunic\u00f3 el Ministerio de Asuntos Exteriores ruso. &#8220;Las autoridades alemanas tomaron la decisi\u00f3n de volver a expulsar en masa al personal de las misiones diplom\u00e1ticas rusas en Alemania&#8230; Condenamos en\u00e9rgicamente estas acciones &hellip;<\/p>\n","protected":false},"author":31,"featured_media":294840,"comment_status":"closed","ping_status":"closed","sticky":false,"template":"","format":"standard","meta":{"footnotes":""},"categories":[456,16687,7541],"tags":[8850,6695],"class_list":["post-294839","post","type-post","status-publish","format-standard","has-post-thumbnail","","category-arabe-internacional-politica","category-internacionales","category-ultimas-noticias","tag-alemania","tag-rusia"],"_links":{"self":[{"href":"https:\/\/archive.sana.sy\/es\/index.php?rest_route=\/wp\/v2\/posts\/294839"}],"collection":[{"href":"https:\/\/archive.sana.sy\/es\/index.php?rest_route=\/wp\/v2\/posts"}],"about":[{"href":"https:\/\/archive.sana.sy\/es\/index.php?rest_route=\/wp\/v2\/types\/post"}],"author":[{"embeddable":true,"href":"https:\/\/archive.sana.sy\/es\/index.php?rest_route=\/wp\/v2\/users\/31"}],"replies":[{"embeddable":true,"href":"https:\/\/archive.sana.sy\/es\/index.php?rest_route=%2Fwp%2Fv2%2Fcomments&post=294839"}],"version-history":[{"count":1,"href":"https:\/\/archive.sana.sy\/es\/index.php?rest_route=\/wp\/v2\/posts\/294839\/revisions"}],"predecessor-version":[{"id":294841,"href":"https:\/\/archive.sana.sy\/es\/index.php?rest_route=\/wp\/v2\/posts\/294839\/revisions\/294841"}],"wp:featuredmedia":[{"embeddable":true,"href":"https:\/\/archive.sana.sy\/es\/index.php?rest_route=\/wp\/v2\/media\/294840"}],"wp:attachment":[{"href":"https:\/\/archive.sana.sy\/es\/index.php?rest_route=%2Fwp%2Fv2%2Fmedia&parent=294839"}],"wp:term":[{"taxonomy":"category","embeddable":true,"href":"https:\/\/archive.sana.sy\/es\/index.php?rest_route=%2Fwp%2Fv2%2Fcategories&post=294839"},{"taxonomy":"post_tag","embeddable":true,"href":"https:\/\/archive.sana.sy\/es\/index.php?rest_route=%2Fwp%2Fv2%2Ftags&post=294839"}],"curies":[{"name":"wp","href":"https:\/\/api.w.org\/{rel}","templated":true}]}}