{"id":294852,"date":"2023-04-22T21:49:50","date_gmt":"2023-04-22T18:49:50","guid":{"rendered":"http:\/\/sana.sy\/es\/?p=294852"},"modified":"2023-04-22T21:51:02","modified_gmt":"2023-04-22T18:51:02","slug":"ejercito-sirio-rechaza-ataque-en-provincia-de-deraa-y-elimina-a-dos-terroristas","status":"publish","type":"post","link":"https:\/\/archive.sana.sy\/es\/?p=294852","title":{"rendered":"Ej\u00e9rcito sirio rechaza ataque en provincia de Deraa y elimina a dos terroristas"},"content":{"rendered":"<p style=\"text-align: justify;\"><span style=\"color: #800000;\"><strong>Deraa, 22 abr (SANA)\u00a0<\/strong><\/span> \u00a0Una unidad del ej\u00e9rcito sirio repeli\u00f3 hoy un ataque terrorista en el norte de la provincia de Deraa, en el sur del pa\u00eds.<\/p>\n<p style=\"text-align: justify;\">Dos terroristas fueron eliminados y otros dos resultaron heridos, mientras uno de los uniformados perdi\u00f3 la vida en la acci\u00f3n hostil.<\/p>\n<p style=\"text-align: justify;\">El pasado d\u00eda 8 de abril, las unidades del ej\u00e9rcito sirio repelieron un ataque terrorista, en el extremo nordeste de la provincia costera de Latakia, donde eliminaron a varios radicales e hirieron a otros, algunos de nacionalidades extranjeras.<\/p>\n<p style=\"text-align: justify;\">Asimismo, el d\u00eda 30 de marzo pasado, los uniformados repelieron ataques de grupos terroristas en las zonas rurales de las provincias de Alepo e Idlib, y abatieron un cabecilla de los extremistas atacantes.<\/p>\n<p style=\"text-align: justify;\">De igual manera, el d\u00eda 24 del mismo mes, el Ministerio de Defensa anunci\u00f3 que unidades de las Fuerzas Armadas rechazaron una ofensiva terrorista del grupo \u201cFrente al-Nousra\u201d contra posiciones militares en el \u00e1rea de Kafer Amma, al este del municipio de Al-Atareb, en el oeste de Alepo.<\/p>\n<p style=\"text-align: justify;\">fm\/rr<\/p>\n<div id='gallery-1' class='gallery galleryid-294852 gallery-columns-1 gallery-size-full'><figure class='gallery-item'>\n\t\t\t<div class='gallery-icon landscape'>\n\t\t\t\t<a href='https:\/\/archive.sana.sy\/es\/wp-content\/uploads\/2023\/04\/Untitled-1-55.jpg'><img loading=\"lazy\" decoding=\"async\" width=\"660\" height=\"370\" src=\"https:\/\/archive.sana.sy\/es\/wp-content\/uploads\/2023\/04\/Untitled-1-55.jpg\" class=\"attachment-full size-full\" alt=\"\" srcset=\"https:\/\/archive.sana.sy\/es\/wp-content\/uploads\/2023\/04\/Untitled-1-55.jpg 660w, https:\/\/archive.sana.sy\/es\/wp-content\/uploads\/2023\/04\/Untitled-1-55-300x168.jpg 300w, https:\/\/archive.sana.sy\/es\/wp-content\/uploads\/2023\/04\/Untitled-1-55-150x84.jpg 150w\" sizes=\"(max-width: 660px) 100vw, 660px\" \/><\/a>\n\t\t\t<\/div><\/figure>\n\t\t<\/div>\n\n","protected":false},"excerpt":{"rendered":"<p>Deraa, 22 abr (SANA)\u00a0 \u00a0Una unidad del ej\u00e9rcito sirio repeli\u00f3 hoy un ataque terrorista en el norte de la provincia de Deraa, en el sur del pa\u00eds. Dos terroristas fueron eliminados y otros dos resultaron heridos, mientras uno de los uniformados perdi\u00f3 la vida en la acci\u00f3n hostil. El pasado d\u00eda 8 de abril, las &hellip;<\/p>\n","protected":false},"author":31,"featured_media":294854,"comment_status":"closed","ping_status":"closed","sticky":false,"template":"","format":"standard","meta":{"footnotes":""},"categories":[477,597,573,476,7541],"tags":[17398,6553],"class_list":["post-294852","post","type-post","status-publish","format-standard","has-post-thumbnail","","category-noticias-edulcorantes","category-cinta-de-noticias","category-la-realidad-de-los-acontecimientos-en-siria","category-locales","category-ultimas-noticias","tag-deraa","tag-siria"],"_links":{"self":[{"href":"https:\/\/archive.sana.sy\/es\/index.php?rest_route=\/wp\/v2\/posts\/294852"}],"collection":[{"href":"https:\/\/archive.sana.sy\/es\/index.php?rest_route=\/wp\/v2\/posts"}],"about":[{"href":"https:\/\/archive.sana.sy\/es\/index.php?rest_route=\/wp\/v2\/types\/post"}],"author":[{"embeddable":true,"href":"https:\/\/archive.sana.sy\/es\/index.php?rest_route=\/wp\/v2\/users\/31"}],"replies":[{"embeddable":true,"href":"https:\/\/archive.sana.sy\/es\/index.php?rest_route=%2Fwp%2Fv2%2Fcomments&post=294852"}],"version-history":[{"count":1,"href":"https:\/\/archive.sana.sy\/es\/index.php?rest_route=\/wp\/v2\/posts\/294852\/revisions"}],"predecessor-version":[{"id":294855,"href":"https:\/\/archive.sana.sy\/es\/index.php?rest_route=\/wp\/v2\/posts\/294852\/revisions\/294855"}],"wp:featuredmedia":[{"embeddable":true,"href":"https:\/\/archive.sana.sy\/es\/index.php?rest_route=\/wp\/v2\/media\/294854"}],"wp:attachment":[{"href":"https:\/\/archive.sana.sy\/es\/index.php?rest_route=%2Fwp%2Fv2%2Fmedia&parent=294852"}],"wp:term":[{"taxonomy":"category","embeddable":true,"href":"https:\/\/archive.sana.sy\/es\/index.php?rest_route=%2Fwp%2Fv2%2Fcategories&post=294852"},{"taxonomy":"post_tag","embeddable":true,"href":"https:\/\/archive.sana.sy\/es\/index.php?rest_route=%2Fwp%2Fv2%2Ftags&post=294852"}],"curies":[{"name":"wp","href":"https:\/\/api.w.org\/{rel}","templated":true}]}}