{"id":294864,"date":"2023-04-23T09:40:27","date_gmt":"2023-04-23T06:40:27","guid":{"rendered":"http:\/\/sana.sy\/es\/?p=294864"},"modified":"2023-04-23T09:41:25","modified_gmt":"2023-04-23T06:41:25","slug":"eeuu-esta-perdiendo-a-sus-socios-en-america-latina","status":"publish","type":"post","link":"https:\/\/archive.sana.sy\/es\/?p=294864","title":{"rendered":"\u00a0EEUU est\u00e1 perdiendo a sus socios en Am\u00e9rica Latina"},"content":{"rendered":"<blockquote>\n<p style=\"text-align: justify;\"><span style=\"color: #993300;\">&#8220;Estados Unidos est\u00e1 perdiendo, o al menos as\u00ed lo est\u00e1 percibiendo, a sus socios en la regi\u00f3n, quienes lo est\u00e1n abandonando (&#8230;). Los cuatro m\u00e1s importantes son Chile, Per\u00fa, Colombia y M\u00e9xico&#8221;<\/span><\/p>\n<\/blockquote>\n<p style=\"text-align: justify;\"><span style=\"color: #800000;\"><strong>Damasco, 23 abr (SANA)<\/strong><\/span> La visita del presidente de Colombia, Gustavo Petro, a Estados Unidos contrasta con la p\u00e9rdida de socios en Latinoam\u00e9rica que experimenta el pa\u00eds gobernado por Joe Biden, considera el especialista en relaciones internacionales Carlos Manuel L\u00f3pez Alvarado, egresado de la Universidad Nacional Aut\u00f3noma de M\u00e9xico (UNAM).<\/p>\n<p style=\"text-align: justify;\">En esta segunda quincena de abril de 2023, el pol\u00edtico colombiano se reuni\u00f3 con su par estadounidense en la Casa Blanca de Washington, con el fin de dialogar sobre diversos temas, entre ellos promover la transici\u00f3n hacia una econom\u00eda sin combustibles f\u00f3siles para paliar los efectos del cambio clim\u00e1tico, y acciones en pro de la paz y la democracia entre ambas naciones.<\/p>\n<p style=\"text-align: justify;\">&#8220;Estados Unidos est\u00e1 perdiendo, o al menos as\u00ed lo est\u00e1 percibiendo, a sus socios en la regi\u00f3n, quienes lo est\u00e1n abandonando (&#8230;). Los cuatro m\u00e1s importantes son Chile, Per\u00fa, Colombia y M\u00e9xico&#8221;, menciona el internacionalista en entrevista para Sputnik.<\/p>\n<p style=\"text-align: justify;\">De acuerdo con el experto, esto se debe a los diversos movimientos pol\u00edticos dentro de esas naciones. &#8220;Petro, lo mismo que Andr\u00e9s Manuel [L\u00f3pez Obrador, presidente de M\u00e9xico] y que en su momento Pedro Castillo [en Per\u00fa], presenta una postura cr\u00edtica hacia el intervencionismo de Estados Unidos y su ideolog\u00eda en la regi\u00f3n&#8221;, agrega.<br \/>\nL\u00f3pez Alvarado afirma que Washington a nivel global est\u00e1 perdiendo su hegemon\u00eda en la dimensi\u00f3n pol\u00edtica, econ\u00f3mica y cultural.<\/p>\n<p style=\"text-align: justify;\"><strong>Narcotr\u00e1fico: otro punto de quiebre<\/strong><\/p>\n<p style=\"text-align: justify;\">Adem\u00e1s de la postura cr\u00edtica sobre el actuar de Washington en la regi\u00f3n latinoamericana, el estudioso de la UNAM se\u00f1ala que un aspecto de quiebre con EEUU es la postura sobre el narcotr\u00e1fico.<\/p>\n<p style=\"text-align: justify;\">La reuni\u00f3n entre Biden y Petro sucede ocho meses despu\u00e9s de que el colombiano se convirtiera en el primer presidente de izquierda de su pa\u00eds. Uno de sus planes de Gobierno m\u00e1s importantes es conciliar a la sociedad colombiana mediante un Acuerdo de Paz Total con los grupos guerrilleros y los c\u00e1rteles del narcotr\u00e1fico, que durante a\u00f1os han generado olas de violencia en la naci\u00f3n sudamericana. Durante su discurso de asunci\u00f3n a la presidencia, en agosto pasado, Petro se refiri\u00f3 al narcotr\u00e1fico como una &#8220;maldici\u00f3n a la que el mundo consumidor se niega a dar una soluci\u00f3n&#8221;.<\/p>\n<p style=\"text-align: justify;\">&#8220;Petro tiene una idea muy diferente a c\u00f3mo hablar de la relaci\u00f3n con Washington y me estoy refiriendo en particular a un tema: el combate al narcotr\u00e1fico. Tiene una idea muy similar a la que Andr\u00e9s Manuel [L\u00f3pez Obrador] enarbola, el hablar de una [manera distinta] sobre el combate contra el narcotr\u00e1fico, porque la estrategia fallida de confrontaci\u00f3n y militarismo no ha servido. Por eso, EEUU quiere saber si su principal socio en el combate en Am\u00e9rica del Sur va a seguir en esa misma l\u00ednea, si va justamente a inscribirse en la din\u00e1mica de Washington, o, por el contrario, si tomar\u00e1 distanciamiento&#8221;, comenta el especialista.<\/p>\n<p style=\"text-align: justify;\">Adem\u00e1s, estima que la postura que debe tener Petro ante EEUU tendr\u00eda que plantear &#8220;una defensa, donde hay que tomar las decisiones desde Colombia para Colombia, en los t\u00e9rminos que Colombia necesita, no que Estados Unidos necesite&#8221;, subraya.<\/p>\n<p style=\"text-align: justify;\"><strong>Una visita peculiar<\/strong><\/p>\n<p style=\"text-align: justify;\">El viaje de Petro a EEUU se da en el marco de la gira por Cuba, Brasil, Nicaragua y Venezuela del canciller ruso, Sergu\u00e9i Lavrov, quien se reuni\u00f3 con sus pares latinoamericanos y con los mandatarios de esas naciones por las mismas fechas.<\/p>\n<p style=\"text-align: justify;\">Para L\u00f3pez Alvarado, el que solo se hayan seleccionado estos pa\u00edses es por su cercan\u00eda con Mosc\u00fa y para no generar tensiones pol\u00edticas graves para el resto de los Estados de la regi\u00f3n, debido a su dependencia con Washington.<\/p>\n<p style=\"text-align: justify;\">Una mujer pasa junto a un muro pintado con la bandera cubana con la leyenda Continuidad en La Habana, el 7 de febrero de 2023. &#8211; Sputnik Mundo, 1920, 18.04.2023<br \/>\nInternacional<\/p>\n<p style=\"text-align: justify;\"><strong>\u00a0Alianzas en un mundo multipolar: \u00bfpor qu\u00e9 a Am\u00e9rica Latina le conviene la visita de Rusia?<\/strong><\/p>\n<p style=\"text-align: justify;\">&#8220;Creo que [el viaje de Lavrov] fue con bastante mesura; tiene un triunfo rotundo que, no dudar\u00eda, que m\u00e1s adelante [abriera la puerta] para m\u00e1s visitas a m\u00e1s Estados, m\u00e1s pa\u00edses de la regi\u00f3n (&#8230;). Me parece un acierto para [el canciller]. Lo que se necesita ahorita es ir construyendo, paso a paso, un camino hacia el multilateralismo real en el tema internacional&#8221;, asevera.<\/p>\n<p style=\"text-align: justify;\">Acerca de un posible lazo entre el presidente colombiano y el Gobierno ruso, el internacionalista es enf\u00e1tico: Petro ha mostrado apertura sobre el multilateralismo, ya que sabe y conoce que ninguna transformaci\u00f3n se realiza sin una unidad regional. Pero, en la pr\u00e1ctica, a\u00fan hay trabajo por hacer, explica L\u00f3pez Alvarado.<\/p>\n<p style=\"text-align: justify;\">&#8220;Colombia est\u00e1 m\u00e1s cerca de China y Rusia discursivamente hablando. Pol\u00edticamente, Petro debe hacer malabares porque no puede cambiar en meses o un a\u00f1o toda una estructura hist\u00f3rico-pol\u00edtica que lleva desde los a\u00f1os 1980. Ideol\u00f3gicamente, s\u00ed. Petro en lo individual tambi\u00e9n, incluso hasta Francia M\u00e1rquez [vicepresidenta de Colombia] est\u00e1 de acuerdo, pero al hablar de las instituciones y las estructuras pol\u00edticas por supuesto que no, eso va a llevar a\u00f1os&#8221;, concluye.<\/p>\n<p style=\"text-align: justify;\"><em><strong>Fuente: Sputnuik<\/strong><\/em><\/p>\n","protected":false},"excerpt":{"rendered":"<p>&#8220;Estados Unidos est\u00e1 perdiendo, o al menos as\u00ed lo est\u00e1 percibiendo, a sus socios en la regi\u00f3n, quienes lo est\u00e1n abandonando (&#8230;). Los cuatro m\u00e1s importantes son Chile, Per\u00fa, Colombia y M\u00e9xico&#8221; Damasco, 23 abr (SANA) La visita del presidente de Colombia, Gustavo Petro, a Estados Unidos contrasta con la p\u00e9rdida de socios en Latinoam\u00e9rica &hellip;<\/p>\n","protected":false},"author":32,"featured_media":294865,"comment_status":"closed","ping_status":"closed","sticky":false,"template":"","format":"standard","meta":{"footnotes":""},"categories":[597,456,16687,583],"tags":[],"class_list":["post-294864","post","type-post","status-publish","format-standard","has-post-thumbnail","","category-cinta-de-noticias","category-arabe-internacional-politica","category-internacionales","category-slide"],"_links":{"self":[{"href":"https:\/\/archive.sana.sy\/es\/index.php?rest_route=\/wp\/v2\/posts\/294864"}],"collection":[{"href":"https:\/\/archive.sana.sy\/es\/index.php?rest_route=\/wp\/v2\/posts"}],"about":[{"href":"https:\/\/archive.sana.sy\/es\/index.php?rest_route=\/wp\/v2\/types\/post"}],"author":[{"embeddable":true,"href":"https:\/\/archive.sana.sy\/es\/index.php?rest_route=\/wp\/v2\/users\/32"}],"replies":[{"embeddable":true,"href":"https:\/\/archive.sana.sy\/es\/index.php?rest_route=%2Fwp%2Fv2%2Fcomments&post=294864"}],"version-history":[{"count":2,"href":"https:\/\/archive.sana.sy\/es\/index.php?rest_route=\/wp\/v2\/posts\/294864\/revisions"}],"predecessor-version":[{"id":294867,"href":"https:\/\/archive.sana.sy\/es\/index.php?rest_route=\/wp\/v2\/posts\/294864\/revisions\/294867"}],"wp:featuredmedia":[{"embeddable":true,"href":"https:\/\/archive.sana.sy\/es\/index.php?rest_route=\/wp\/v2\/media\/294865"}],"wp:attachment":[{"href":"https:\/\/archive.sana.sy\/es\/index.php?rest_route=%2Fwp%2Fv2%2Fmedia&parent=294864"}],"wp:term":[{"taxonomy":"category","embeddable":true,"href":"https:\/\/archive.sana.sy\/es\/index.php?rest_route=%2Fwp%2Fv2%2Fcategories&post=294864"},{"taxonomy":"post_tag","embeddable":true,"href":"https:\/\/archive.sana.sy\/es\/index.php?rest_route=%2Fwp%2Fv2%2Ftags&post=294864"}],"curies":[{"name":"wp","href":"https:\/\/api.w.org\/{rel}","templated":true}]}}