{"id":294910,"date":"2023-04-23T20:24:14","date_gmt":"2023-04-23T17:24:14","guid":{"rendered":"http:\/\/sana.sy\/es\/?p=294910"},"modified":"2023-04-23T20:24:14","modified_gmt":"2023-04-23T17:24:14","slug":"el-acuerdo-sobre-cereales-se-anulara-si-el-g7-prohibe-las-exportaciones-a-rusia-advierte-moscu","status":"publish","type":"post","link":"https:\/\/archive.sana.sy\/es\/?p=294910","title":{"rendered":"El acuerdo sobre cereales se anular\u00e1 si el G7 proh\u00edbe las exportaciones a Rusia, advierte Mosc\u00fa"},"content":{"rendered":"<p style=\"text-align: justify;\"><span style=\"color: #800000;\"><strong>Mosc\u00fa, 23 abr (SANA)\u00a0 \u00a0<\/strong><\/span>El vicepresidente del Consejo de Seguridad de Rusia, Dmitri Medvedev, afirm\u00f3 este domingo que si los pa\u00edses del Grupo de los Siete (G7) proh\u00edben la exportaci\u00f3n de bienes y productos b\u00e1sicos a Rusia, se pondr\u00e1 fin al acuerdo de los cereales.<\/p>\n<p style=\"text-align: justify;\">&#8220;Esta idea de los idiotas del G7 de una prohibici\u00f3n total de las exportaciones a Rusia por defecto es hermosa en el sentido de que implica una prohibici\u00f3n rec\u00edproca de las importaciones de nuestro pa\u00eds, incluidas las categor\u00edas de bienes m\u00e1s sensibles para el G7&#8221;, cit\u00f3 la cadena RT a Medvedev.<\/p>\n<p style=\"text-align: justify;\">Agreg\u00f3 que &#8220;en este caso, el acuerdo sobre cereales y otras cosas que necesitan terminar\u00e1 para ellos\u201d.<\/p>\n<p style=\"text-align: justify;\">La semana pasada, la agencia de noticias japonesa Kyodo, citando fuentes del Gobierno japon\u00e9s, inform\u00f3 que los pa\u00edses de G7 est\u00e1n considerando una prohibici\u00f3n casi total de las exportaciones a Rusia .<\/p>\n<p style=\"text-align: justify;\">Rusia ha amenazado en repetidas ocasiones con retirarse del acuerdo sobre cereales, que expira el 18 de mayo.<\/p>\n<p style=\"text-align: justify;\">rr<\/p>\n","protected":false},"excerpt":{"rendered":"<p>Mosc\u00fa, 23 abr (SANA)\u00a0 \u00a0El vicepresidente del Consejo de Seguridad de Rusia, Dmitri Medvedev, afirm\u00f3 este domingo que si los pa\u00edses del Grupo de los Siete (G7) proh\u00edben la exportaci\u00f3n de bienes y productos b\u00e1sicos a Rusia, se pondr\u00e1 fin al acuerdo de los cereales. &#8220;Esta idea de los idiotas del G7 de una prohibici\u00f3n &hellip;<\/p>\n","protected":false},"author":31,"featured_media":294911,"comment_status":"closed","ping_status":"closed","sticky":false,"template":"","format":"standard","meta":{"footnotes":""},"categories":[597,456,16687,7541],"tags":[21997,6695],"class_list":["post-294910","post","type-post","status-publish","format-standard","has-post-thumbnail","","category-cinta-de-noticias","category-arabe-internacional-politica","category-internacionales","category-ultimas-noticias","tag-g7","tag-rusia"],"_links":{"self":[{"href":"https:\/\/archive.sana.sy\/es\/index.php?rest_route=\/wp\/v2\/posts\/294910"}],"collection":[{"href":"https:\/\/archive.sana.sy\/es\/index.php?rest_route=\/wp\/v2\/posts"}],"about":[{"href":"https:\/\/archive.sana.sy\/es\/index.php?rest_route=\/wp\/v2\/types\/post"}],"author":[{"embeddable":true,"href":"https:\/\/archive.sana.sy\/es\/index.php?rest_route=\/wp\/v2\/users\/31"}],"replies":[{"embeddable":true,"href":"https:\/\/archive.sana.sy\/es\/index.php?rest_route=%2Fwp%2Fv2%2Fcomments&post=294910"}],"version-history":[{"count":1,"href":"https:\/\/archive.sana.sy\/es\/index.php?rest_route=\/wp\/v2\/posts\/294910\/revisions"}],"predecessor-version":[{"id":294912,"href":"https:\/\/archive.sana.sy\/es\/index.php?rest_route=\/wp\/v2\/posts\/294910\/revisions\/294912"}],"wp:featuredmedia":[{"embeddable":true,"href":"https:\/\/archive.sana.sy\/es\/index.php?rest_route=\/wp\/v2\/media\/294911"}],"wp:attachment":[{"href":"https:\/\/archive.sana.sy\/es\/index.php?rest_route=%2Fwp%2Fv2%2Fmedia&parent=294910"}],"wp:term":[{"taxonomy":"category","embeddable":true,"href":"https:\/\/archive.sana.sy\/es\/index.php?rest_route=%2Fwp%2Fv2%2Fcategories&post=294910"},{"taxonomy":"post_tag","embeddable":true,"href":"https:\/\/archive.sana.sy\/es\/index.php?rest_route=%2Fwp%2Fv2%2Ftags&post=294910"}],"curies":[{"name":"wp","href":"https:\/\/api.w.org\/{rel}","templated":true}]}}