{"id":294922,"date":"2023-04-24T06:01:32","date_gmt":"2023-04-24T03:01:32","guid":{"rendered":"http:\/\/sana.sy\/es\/?p=294922"},"modified":"2023-04-24T17:20:56","modified_gmt":"2023-04-24T14:20:56","slug":"alepo-conmemora-el-108-aniversario-del-genocidio-armenio-con-oraciones-y-procesion-con-antorchas-fotos","status":"publish","type":"post","link":"https:\/\/archive.sana.sy\/es\/?p=294922","title":{"rendered":"Alepo conmemora el 108 aniversario del Genocidio Armenio con oraciones y procesi\u00f3n con antorchas (+ fotos)"},"content":{"rendered":"<p style=\"text-align: justify;\">Alepo conmemora el 108 aniversario del Genocidio Armenio con oraciones y procesi\u00f3n con antorchas (+ fotos)<\/p>\n<p style=\"text-align: justify;\">Alepo, 24 abr (SANA)\u00a0 La iglesia Armenio-protestante Bethel organiz\u00f3 una oraci\u00f3n y recordatorio dedicadaosal 108 aniversario del Genocidio Armenio.<\/p>\n<p style=\"text-align: justify;\">El especialistas en asuntos turcos, Sarkis Bornessian, dijo que los pueblos sirio y armenio conmemoran el genocidio armenio con ratificar la exigencia a sus derechos y denunciar la agresi\u00f3n y ocupaci\u00f3n turca de los territorios sirios.<\/p>\n<p style=\"text-align: justify;\">Por otro lado, numerosos fieles participaron despu\u00e9s de la oraci\u00f3n en la marcha de las antorchas organizada por el Club Cultural Juvenil Sirio.<\/p>\n<p style=\"text-align: justify;\">La jornada incluy\u00f3 la colocaci\u00f3n de ofrendas florales y el encendido de velas en memoria de las v\u00edctimas del Genocidio Armenio y de los m\u00e1rtires ca\u00eddos durante la guerra en Siria.<\/p>\n<p style=\"text-align: justify;\">fm<\/p>\n<div id='gallery-1' class='gallery galleryid-294922 gallery-columns-1 gallery-size-full'><figure class='gallery-item'>\n\t\t\t<div class='gallery-icon landscape'>\n\t\t\t\t<a href='https:\/\/archive.sana.sy\/es\/wp-content\/uploads\/2023\/04\/IMG_20230423_183743-scaled.jpg'><img loading=\"lazy\" decoding=\"async\" width=\"2560\" height=\"1431\" src=\"https:\/\/archive.sana.sy\/es\/wp-content\/uploads\/2023\/04\/IMG_20230423_183743-scaled.jpg\" class=\"attachment-full size-full\" alt=\"Alepo conmemora el 108 aniversario del Genocidio Armenio con oraciones y procesi\u00f3n con antorchas (+ fotos)\" aria-describedby=\"gallery-1-294924\" srcset=\"https:\/\/archive.sana.sy\/es\/wp-content\/uploads\/2023\/04\/IMG_20230423_183743-scaled.jpg 2560w, https:\/\/archive.sana.sy\/es\/wp-content\/uploads\/2023\/04\/IMG_20230423_183743-300x168.jpg 300w, https:\/\/archive.sana.sy\/es\/wp-content\/uploads\/2023\/04\/IMG_20230423_183743-1024x573.jpg 1024w, https:\/\/archive.sana.sy\/es\/wp-content\/uploads\/2023\/04\/IMG_20230423_183743-150x84.jpg 150w, https:\/\/archive.sana.sy\/es\/wp-content\/uploads\/2023\/04\/IMG_20230423_183743-768x429.jpg 768w, https:\/\/archive.sana.sy\/es\/wp-content\/uploads\/2023\/04\/IMG_20230423_183743-1536x859.jpg 1536w, https:\/\/archive.sana.sy\/es\/wp-content\/uploads\/2023\/04\/IMG_20230423_183743-2048x1145.jpg 2048w\" sizes=\"(max-width: 2560px) 100vw, 2560px\" \/><\/a>\n\t\t\t<\/div>\n\t\t\t\t<figcaption class='wp-caption-text gallery-caption' id='gallery-1-294924'>\n\t\t\t\tAlepo conmemora el 108 aniversario del Genocidio Armenio con oraciones y procesi\u00f3n con antorchas\n\t\t\t\t<\/figcaption><\/figure><figure class='gallery-item'>\n\t\t\t<div class='gallery-icon landscape'>\n\t\t\t\t<a href='https:\/\/archive.sana.sy\/es\/wp-content\/uploads\/2023\/04\/IMG_20230423_183822-scaled.jpg'><img loading=\"lazy\" decoding=\"async\" width=\"2560\" height=\"1585\" src=\"https:\/\/archive.sana.sy\/es\/wp-content\/uploads\/2023\/04\/IMG_20230423_183822-scaled.jpg\" class=\"attachment-full size-full\" alt=\"\" srcset=\"https:\/\/archive.sana.sy\/es\/wp-content\/uploads\/2023\/04\/IMG_20230423_183822-scaled.jpg 2560w, https:\/\/archive.sana.sy\/es\/wp-content\/uploads\/2023\/04\/IMG_20230423_183822-300x186.jpg 300w, https:\/\/archive.sana.sy\/es\/wp-content\/uploads\/2023\/04\/IMG_20230423_183822-1024x634.jpg 1024w, https:\/\/archive.sana.sy\/es\/wp-content\/uploads\/2023\/04\/IMG_20230423_183822-150x93.jpg 150w, https:\/\/archive.sana.sy\/es\/wp-content\/uploads\/2023\/04\/IMG_20230423_183822-768x475.jpg 768w, https:\/\/archive.sana.sy\/es\/wp-content\/uploads\/2023\/04\/IMG_20230423_183822-1536x951.jpg 1536w, https:\/\/archive.sana.sy\/es\/wp-content\/uploads\/2023\/04\/IMG_20230423_183822-2048x1268.jpg 2048w\" sizes=\"(max-width: 2560px) 100vw, 2560px\" \/><\/a>\n\t\t\t<\/div><\/figure><figure class='gallery-item'>\n\t\t\t<div class='gallery-icon landscape'>\n\t\t\t\t<a href='https:\/\/archive.sana.sy\/es\/wp-content\/uploads\/2023\/04\/IMG_20230423_193819-scaled.jpg'><img loading=\"lazy\" decoding=\"async\" width=\"2560\" height=\"1561\" src=\"https:\/\/archive.sana.sy\/es\/wp-content\/uploads\/2023\/04\/IMG_20230423_193819-scaled.jpg\" class=\"attachment-full size-full\" alt=\"\" srcset=\"https:\/\/archive.sana.sy\/es\/wp-content\/uploads\/2023\/04\/IMG_20230423_193819-scaled.jpg 2560w, https:\/\/archive.sana.sy\/es\/wp-content\/uploads\/2023\/04\/IMG_20230423_193819-300x183.jpg 300w, https:\/\/archive.sana.sy\/es\/wp-content\/uploads\/2023\/04\/IMG_20230423_193819-1024x625.jpg 1024w, https:\/\/archive.sana.sy\/es\/wp-content\/uploads\/2023\/04\/IMG_20230423_193819-150x91.jpg 150w, https:\/\/archive.sana.sy\/es\/wp-content\/uploads\/2023\/04\/IMG_20230423_193819-768x468.jpg 768w, https:\/\/archive.sana.sy\/es\/wp-content\/uploads\/2023\/04\/IMG_20230423_193819-1536x937.jpg 1536w, https:\/\/archive.sana.sy\/es\/wp-content\/uploads\/2023\/04\/IMG_20230423_193819-2048x1249.jpg 2048w\" sizes=\"(max-width: 2560px) 100vw, 2560px\" \/><\/a>\n\t\t\t<\/div><\/figure><figure class='gallery-item'>\n\t\t\t<div class='gallery-icon landscape'>\n\t\t\t\t<a href='https:\/\/archive.sana.sy\/es\/wp-content\/uploads\/2023\/04\/IMG_20230423_194117-scaled.jpg'><img loading=\"lazy\" decoding=\"async\" width=\"2560\" height=\"1532\" src=\"https:\/\/archive.sana.sy\/es\/wp-content\/uploads\/2023\/04\/IMG_20230423_194117-scaled.jpg\" class=\"attachment-full size-full\" alt=\"\" srcset=\"https:\/\/archive.sana.sy\/es\/wp-content\/uploads\/2023\/04\/IMG_20230423_194117-scaled.jpg 2560w, https:\/\/archive.sana.sy\/es\/wp-content\/uploads\/2023\/04\/IMG_20230423_194117-300x180.jpg 300w, https:\/\/archive.sana.sy\/es\/wp-content\/uploads\/2023\/04\/IMG_20230423_194117-1024x613.jpg 1024w, https:\/\/archive.sana.sy\/es\/wp-content\/uploads\/2023\/04\/IMG_20230423_194117-150x90.jpg 150w, https:\/\/archive.sana.sy\/es\/wp-content\/uploads\/2023\/04\/IMG_20230423_194117-768x460.jpg 768w, https:\/\/archive.sana.sy\/es\/wp-content\/uploads\/2023\/04\/IMG_20230423_194117-1536x919.jpg 1536w, https:\/\/archive.sana.sy\/es\/wp-content\/uploads\/2023\/04\/IMG_20230423_194117-2048x1225.jpg 2048w\" sizes=\"(max-width: 2560px) 100vw, 2560px\" \/><\/a>\n\t\t\t<\/div><\/figure><figure class='gallery-item'>\n\t\t\t<div class='gallery-icon landscape'>\n\t\t\t\t<a href='https:\/\/archive.sana.sy\/es\/wp-content\/uploads\/2023\/04\/IMG_20230423_195810-scaled.jpg'><img loading=\"lazy\" decoding=\"async\" width=\"2560\" height=\"1447\" src=\"https:\/\/archive.sana.sy\/es\/wp-content\/uploads\/2023\/04\/IMG_20230423_195810-scaled.jpg\" class=\"attachment-full size-full\" alt=\"\" srcset=\"https:\/\/archive.sana.sy\/es\/wp-content\/uploads\/2023\/04\/IMG_20230423_195810-scaled.jpg 2560w, https:\/\/archive.sana.sy\/es\/wp-content\/uploads\/2023\/04\/IMG_20230423_195810-300x170.jpg 300w, https:\/\/archive.sana.sy\/es\/wp-content\/uploads\/2023\/04\/IMG_20230423_195810-1024x579.jpg 1024w, https:\/\/archive.sana.sy\/es\/wp-content\/uploads\/2023\/04\/IMG_20230423_195810-150x85.jpg 150w, https:\/\/archive.sana.sy\/es\/wp-content\/uploads\/2023\/04\/IMG_20230423_195810-768x434.jpg 768w, https:\/\/archive.sana.sy\/es\/wp-content\/uploads\/2023\/04\/IMG_20230423_195810-1536x868.jpg 1536w, https:\/\/archive.sana.sy\/es\/wp-content\/uploads\/2023\/04\/IMG_20230423_195810-2048x1157.jpg 2048w\" sizes=\"(max-width: 2560px) 100vw, 2560px\" \/><\/a>\n\t\t\t<\/div><\/figure><figure class='gallery-item'>\n\t\t\t<div class='gallery-icon landscape'>\n\t\t\t\t<a href='https:\/\/archive.sana.sy\/es\/wp-content\/uploads\/2023\/04\/IMG_20230423_200600-scaled.jpg'><img loading=\"lazy\" decoding=\"async\" width=\"2560\" height=\"1546\" src=\"https:\/\/archive.sana.sy\/es\/wp-content\/uploads\/2023\/04\/IMG_20230423_200600-scaled.jpg\" class=\"attachment-full size-full\" alt=\"\" srcset=\"https:\/\/archive.sana.sy\/es\/wp-content\/uploads\/2023\/04\/IMG_20230423_200600-scaled.jpg 2560w, https:\/\/archive.sana.sy\/es\/wp-content\/uploads\/2023\/04\/IMG_20230423_200600-300x181.jpg 300w, https:\/\/archive.sana.sy\/es\/wp-content\/uploads\/2023\/04\/IMG_20230423_200600-1024x619.jpg 1024w, https:\/\/archive.sana.sy\/es\/wp-content\/uploads\/2023\/04\/IMG_20230423_200600-150x91.jpg 150w, https:\/\/archive.sana.sy\/es\/wp-content\/uploads\/2023\/04\/IMG_20230423_200600-768x464.jpg 768w, https:\/\/archive.sana.sy\/es\/wp-content\/uploads\/2023\/04\/IMG_20230423_200600-1536x928.jpg 1536w, https:\/\/archive.sana.sy\/es\/wp-content\/uploads\/2023\/04\/IMG_20230423_200600-2048x1237.jpg 2048w\" sizes=\"(max-width: 2560px) 100vw, 2560px\" \/><\/a>\n\t\t\t<\/div><\/figure><figure class='gallery-item'>\n\t\t\t<div class='gallery-icon landscape'>\n\t\t\t\t<a href='https:\/\/archive.sana.sy\/es\/wp-content\/uploads\/2023\/04\/IMG_20230423_200741-scaled.jpg'><img loading=\"lazy\" decoding=\"async\" width=\"2560\" height=\"1684\" src=\"https:\/\/archive.sana.sy\/es\/wp-content\/uploads\/2023\/04\/IMG_20230423_200741-scaled.jpg\" class=\"attachment-full size-full\" alt=\"\" srcset=\"https:\/\/archive.sana.sy\/es\/wp-content\/uploads\/2023\/04\/IMG_20230423_200741-scaled.jpg 2560w, https:\/\/archive.sana.sy\/es\/wp-content\/uploads\/2023\/04\/IMG_20230423_200741-300x197.jpg 300w, https:\/\/archive.sana.sy\/es\/wp-content\/uploads\/2023\/04\/IMG_20230423_200741-1024x674.jpg 1024w, https:\/\/archive.sana.sy\/es\/wp-content\/uploads\/2023\/04\/IMG_20230423_200741-150x99.jpg 150w, https:\/\/archive.sana.sy\/es\/wp-content\/uploads\/2023\/04\/IMG_20230423_200741-768x505.jpg 768w, https:\/\/archive.sana.sy\/es\/wp-content\/uploads\/2023\/04\/IMG_20230423_200741-1536x1011.jpg 1536w, https:\/\/archive.sana.sy\/es\/wp-content\/uploads\/2023\/04\/IMG_20230423_200741-2048x1347.jpg 2048w, https:\/\/archive.sana.sy\/es\/wp-content\/uploads\/2023\/04\/IMG_20230423_200741-310x205.jpg 310w\" sizes=\"(max-width: 2560px) 100vw, 2560px\" \/><\/a>\n\t\t\t<\/div><\/figure>\n\t\t<\/div>\n\n","protected":false},"excerpt":{"rendered":"<p>Alepo conmemora el 108 aniversario del Genocidio Armenio con oraciones y procesi\u00f3n con antorchas (+ fotos) Alepo, 24 abr (SANA)\u00a0 La iglesia Armenio-protestante Bethel organiz\u00f3 una oraci\u00f3n y recordatorio dedicadaosal 108 aniversario del Genocidio Armenio. El especialistas en asuntos turcos, Sarkis Bornessian, dijo que los pueblos sirio y armenio conmemoran el genocidio armenio con ratificar &hellip;<\/p>\n","protected":false},"author":34,"featured_media":294923,"comment_status":"closed","ping_status":"closed","sticky":false,"template":"","format":"standard","meta":{"footnotes":""},"categories":[447,477,597,20724,583],"tags":[],"class_list":["post-294922","post","type-post","status-publish","format-standard","has-post-thumbnail","","category-local-politica","category-noticias-edulcorantes","category-cinta-de-noticias","category-minuto-a-minuto","category-slide"],"_links":{"self":[{"href":"https:\/\/archive.sana.sy\/es\/index.php?rest_route=\/wp\/v2\/posts\/294922"}],"collection":[{"href":"https:\/\/archive.sana.sy\/es\/index.php?rest_route=\/wp\/v2\/posts"}],"about":[{"href":"https:\/\/archive.sana.sy\/es\/index.php?rest_route=\/wp\/v2\/types\/post"}],"author":[{"embeddable":true,"href":"https:\/\/archive.sana.sy\/es\/index.php?rest_route=\/wp\/v2\/users\/34"}],"replies":[{"embeddable":true,"href":"https:\/\/archive.sana.sy\/es\/index.php?rest_route=%2Fwp%2Fv2%2Fcomments&post=294922"}],"version-history":[{"count":2,"href":"https:\/\/archive.sana.sy\/es\/index.php?rest_route=\/wp\/v2\/posts\/294922\/revisions"}],"predecessor-version":[{"id":294962,"href":"https:\/\/archive.sana.sy\/es\/index.php?rest_route=\/wp\/v2\/posts\/294922\/revisions\/294962"}],"wp:featuredmedia":[{"embeddable":true,"href":"https:\/\/archive.sana.sy\/es\/index.php?rest_route=\/wp\/v2\/media\/294923"}],"wp:attachment":[{"href":"https:\/\/archive.sana.sy\/es\/index.php?rest_route=%2Fwp%2Fv2%2Fmedia&parent=294922"}],"wp:term":[{"taxonomy":"category","embeddable":true,"href":"https:\/\/archive.sana.sy\/es\/index.php?rest_route=%2Fwp%2Fv2%2Fcategories&post=294922"},{"taxonomy":"post_tag","embeddable":true,"href":"https:\/\/archive.sana.sy\/es\/index.php?rest_route=%2Fwp%2Fv2%2Ftags&post=294922"}],"curies":[{"name":"wp","href":"https:\/\/api.w.org\/{rel}","templated":true}]}}