{"id":295065,"date":"2023-04-25T14:34:48","date_gmt":"2023-04-25T11:34:48","guid":{"rendered":"http:\/\/sana.sy\/es\/?p=295065"},"modified":"2023-04-25T14:34:48","modified_gmt":"2023-04-25T11:34:48","slug":"decenas-de-colonos-israelies-asaltan-de-nuevo-la-mezquita-al-aqsa-2","status":"publish","type":"post","link":"https:\/\/archive.sana.sy\/es\/?p=295065","title":{"rendered":"Decenas de colonos israel\u00edes asaltan de nuevo la Mezquita Al-Aqsa"},"content":{"rendered":"<p style=\"text-align: justify;\"><span style=\"color: #800000;\"><strong>Jerusal\u00e9n ocupada, 25 abr (SANA) <\/strong><\/span>Decenas de colonos israel\u00edes volvieron hoy a asaltar la Mezquita Al-Aqsa, en Jerusal\u00e9n.<\/p>\n<p style=\"text-align: justify;\">Los medios palestinos informaron que grupos de colonos irrumpieron en Al-Aqsa desde la puerta de Mughrabi y realizaron recorridos provocativos en sus patios, bajo fuerte protecci\u00f3n de las fuerzas de ocupaci\u00f3n.<\/p>\n<p style=\"text-align: justify;\">Los militares sionistas tambi\u00e9n irrumpieron en la capilla de Bab al-Rahma y arrestaron a uno de los guardias de esta mezquita.<\/p>\n<p style=\"text-align: justify;\">as\/fm<\/p>\n","protected":false},"excerpt":{"rendered":"<p>Jerusal\u00e9n ocupada, 25 abr (SANA) Decenas de colonos israel\u00edes volvieron hoy a asaltar la Mezquita Al-Aqsa, en Jerusal\u00e9n. Los medios palestinos informaron que grupos de colonos irrumpieron en Al-Aqsa desde la puerta de Mughrabi y realizaron recorridos provocativos en sus patios, bajo fuerte protecci\u00f3n de las fuerzas de ocupaci\u00f3n. Los militares sionistas tambi\u00e9n irrumpieron en &hellip;<\/p>\n","protected":false},"author":42,"featured_media":295066,"comment_status":"closed","ping_status":"closed","sticky":false,"template":"","format":"standard","meta":{"footnotes":""},"categories":[456,16687,20724],"tags":[],"class_list":["post-295065","post","type-post","status-publish","format-standard","has-post-thumbnail","","category-arabe-internacional-politica","category-internacionales","category-minuto-a-minuto"],"_links":{"self":[{"href":"https:\/\/archive.sana.sy\/es\/index.php?rest_route=\/wp\/v2\/posts\/295065"}],"collection":[{"href":"https:\/\/archive.sana.sy\/es\/index.php?rest_route=\/wp\/v2\/posts"}],"about":[{"href":"https:\/\/archive.sana.sy\/es\/index.php?rest_route=\/wp\/v2\/types\/post"}],"author":[{"embeddable":true,"href":"https:\/\/archive.sana.sy\/es\/index.php?rest_route=\/wp\/v2\/users\/42"}],"replies":[{"embeddable":true,"href":"https:\/\/archive.sana.sy\/es\/index.php?rest_route=%2Fwp%2Fv2%2Fcomments&post=295065"}],"version-history":[{"count":1,"href":"https:\/\/archive.sana.sy\/es\/index.php?rest_route=\/wp\/v2\/posts\/295065\/revisions"}],"predecessor-version":[{"id":295067,"href":"https:\/\/archive.sana.sy\/es\/index.php?rest_route=\/wp\/v2\/posts\/295065\/revisions\/295067"}],"wp:featuredmedia":[{"embeddable":true,"href":"https:\/\/archive.sana.sy\/es\/index.php?rest_route=\/wp\/v2\/media\/295066"}],"wp:attachment":[{"href":"https:\/\/archive.sana.sy\/es\/index.php?rest_route=%2Fwp%2Fv2%2Fmedia&parent=295065"}],"wp:term":[{"taxonomy":"category","embeddable":true,"href":"https:\/\/archive.sana.sy\/es\/index.php?rest_route=%2Fwp%2Fv2%2Fcategories&post=295065"},{"taxonomy":"post_tag","embeddable":true,"href":"https:\/\/archive.sana.sy\/es\/index.php?rest_route=%2Fwp%2Fv2%2Ftags&post=295065"}],"curies":[{"name":"wp","href":"https:\/\/api.w.org\/{rel}","templated":true}]}}