{"id":295070,"date":"2023-04-25T17:26:26","date_gmt":"2023-04-25T14:26:26","guid":{"rendered":"http:\/\/sana.sy\/es\/?p=295070"},"modified":"2023-04-25T17:26:42","modified_gmt":"2023-04-25T14:26:42","slug":"siria-rechaza-nuevas-sanciones-de-la-union-europea","status":"publish","type":"post","link":"https:\/\/archive.sana.sy\/es\/?p=295070","title":{"rendered":"Siria rechaza nuevas sanciones de la Uni\u00f3n Europea"},"content":{"rendered":"<blockquote>\n<p style=\"text-align: justify\"><span style=\"color: #993300\">La Uni\u00f3n Europea miente cuando dice que las sanciones impuestas a Siria no impiden la prestaci\u00f3n de ayuda humanitaria ni el acceso a alimentos y material m\u00e9dico, afirm\u00f3 el Ministerio de Exteriores y Expatriados por medio de una declaraci\u00f3n.<\/span><\/p>\n<\/blockquote>\n<p style=\"text-align: justify\"><span style=\"color: #800000\"><strong>Damasco, 25 abr (SANA)\u00a0<\/strong><span style=\"color: #000000\"> Siria expres\u00f3 su condena en\u00e9rgica a la nueva decisi\u00f3n de la Uni\u00f3n Europea (EU) de incrementar las ilegales medidas coercitivas unilaterales impuestas al pueblo sirio.<\/span><\/span><\/p>\n<p style=\"text-align: justify\"><span style=\"color: #800000\"><strong>\u00a0<\/strong><\/span> La Uni\u00f3n Europea miente cuando dice que las sanciones impuestas a Siria no impiden la prestaci\u00f3n de ayuda humanitaria ni el acceso a alimentos y material m\u00e9dico, afirm\u00f3 el Ministerio de Exteriores y Expatriados por medio de una declaraci\u00f3n.<\/p>\n<p style=\"text-align: justify\">Agreg\u00f3 que las pol\u00edticas de la UE suponen una grave amenaza para la vida y el sustento de los sirios y repercute negativamente en la econom\u00eda del pa\u00eds.<\/p>\n<p style=\"text-align: justify\">La declaraci\u00f3n aclar\u00f3 que las exenciones de las que se jacta la Uni\u00f3n Europea no tienen ning\u00fan efecto y se anunciaron solo para propaganda medi\u00e1tica y para ocultar la realidad de sus pol\u00edticas hacia Siria.<\/p>\n<p style=\"text-align: justify\">La continuaci\u00f3n de la campa\u00f1a de desinformaci\u00f3n y la falsas acusaciones que carecen del m\u00e1s m\u00ednimo grado de credibilidad y las posturas agresivas de la Uni\u00f3n destinadas a impedir la consolidaci\u00f3n de la estabilidad en Siria tras el fracaso del proyecto conspirativo no podr\u00e1n hacer retroceder el tiempo o influir en los esfuerzos de Siria para superar las repercusiones del complot tomando en cuenta los intereses del pueblo sirio y los principios de preservar la soberan\u00eda del pa\u00eds y el rechazo absoluto a cualquier injerencia en sus asuntos internos.<\/p>\n<p style=\"text-align: justify\">La UE anunci\u00f3 este lunes la adopci\u00f3n de sanciones a dos ciudadanos sirios por supuesta participaci\u00f3n en la producci\u00f3n y tr\u00e1fico de captagon.<\/p>\n<p style=\"text-align: justify\">fm\/ed<\/p>\n","protected":false},"excerpt":{"rendered":"<p>La Uni\u00f3n Europea miente cuando dice que las sanciones impuestas a Siria no impiden la prestaci\u00f3n de ayuda humanitaria ni el acceso a alimentos y material m\u00e9dico, afirm\u00f3 el Ministerio de Exteriores y Expatriados por medio de una declaraci\u00f3n. Damasco, 25 abr (SANA)\u00a0 Siria expres\u00f3 su condena en\u00e9rgica a la nueva decisi\u00f3n de la Uni\u00f3n &hellip;<\/p>\n","protected":false},"author":32,"featured_media":295071,"comment_status":"closed","ping_status":"closed","sticky":false,"template":"","format":"standard","meta":{"footnotes":""},"categories":[477,597,20724,476,583],"tags":[],"class_list":["post-295070","post","type-post","status-publish","format-standard","has-post-thumbnail","","category-noticias-edulcorantes","category-cinta-de-noticias","category-minuto-a-minuto","category-locales","category-slide"],"_links":{"self":[{"href":"https:\/\/archive.sana.sy\/es\/index.php?rest_route=\/wp\/v2\/posts\/295070"}],"collection":[{"href":"https:\/\/archive.sana.sy\/es\/index.php?rest_route=\/wp\/v2\/posts"}],"about":[{"href":"https:\/\/archive.sana.sy\/es\/index.php?rest_route=\/wp\/v2\/types\/post"}],"author":[{"embeddable":true,"href":"https:\/\/archive.sana.sy\/es\/index.php?rest_route=\/wp\/v2\/users\/32"}],"replies":[{"embeddable":true,"href":"https:\/\/archive.sana.sy\/es\/index.php?rest_route=%2Fwp%2Fv2%2Fcomments&post=295070"}],"version-history":[{"count":5,"href":"https:\/\/archive.sana.sy\/es\/index.php?rest_route=\/wp\/v2\/posts\/295070\/revisions"}],"predecessor-version":[{"id":295096,"href":"https:\/\/archive.sana.sy\/es\/index.php?rest_route=\/wp\/v2\/posts\/295070\/revisions\/295096"}],"wp:featuredmedia":[{"embeddable":true,"href":"https:\/\/archive.sana.sy\/es\/index.php?rest_route=\/wp\/v2\/media\/295071"}],"wp:attachment":[{"href":"https:\/\/archive.sana.sy\/es\/index.php?rest_route=%2Fwp%2Fv2%2Fmedia&parent=295070"}],"wp:term":[{"taxonomy":"category","embeddable":true,"href":"https:\/\/archive.sana.sy\/es\/index.php?rest_route=%2Fwp%2Fv2%2Fcategories&post=295070"},{"taxonomy":"post_tag","embeddable":true,"href":"https:\/\/archive.sana.sy\/es\/index.php?rest_route=%2Fwp%2Fv2%2Ftags&post=295070"}],"curies":[{"name":"wp","href":"https:\/\/api.w.org\/{rel}","templated":true}]}}