{"id":295077,"date":"2023-04-25T15:37:53","date_gmt":"2023-04-25T12:37:53","guid":{"rendered":"http:\/\/sana.sy\/es\/?p=295077"},"modified":"2023-04-25T16:58:51","modified_gmt":"2023-04-25T13:58:51","slug":"primer-ministro-de-siria-revela-detalles-del-plan-nacional-para-superar-las-secuelas-de-los-terremotos","status":"publish","type":"post","link":"https:\/\/archive.sana.sy\/es\/?p=295077","title":{"rendered":"Primer ministro de Siria revela detalles del plan nacional para superar las secuelas de los terremotos"},"content":{"rendered":"<blockquote>\n<p style=\"text-align: justify\"><span style=\"color: #800000\">El reforzamiento de las edificaciones particulares y la reparaci\u00f3n de los da\u00f1os causados por el sismo se realizar\u00e1 a m\u00e1s tardar en diciembre de 2025 y las escuelas utilizadas como albergues ser\u00e1n desalojadas en agosto.<\/span><\/p>\n<\/blockquote>\n<p style=\"text-align: justify\"><span style=\"color: #800000\"><strong>Damasco, 25 abr (SANA)\u00a0<\/strong><\/span> \u00a0El primer ministro Hussein Arnous, sostuvo una conferencia de prensa en la que explic\u00f3 el plan nacional y las orientaciones b\u00e1sicas de la pol\u00edtica del gobierno para enfrentar las repercusiones del terremoto que sacudi\u00f3 cuatro provincias en el noroeste de Siria, el pasado d\u00eda 6 de febrero.<\/p>\n<p style=\"text-align: justify\">El gobierno ha trabajado desde el momento del terremoto en plena coordinaci\u00f3n con todas las entidades sociales, incluidas asociaciones, organizaciones y federaciones, para superar las repercusiones de este desastre, dijo el jefe del Ejecutivo.<\/p>\n<p style=\"text-align: justify\">Agreg\u00f3 que el Gabinete ha empleado y utilizado todas las capacidades disponibles para mitigar los efectos del terremoto.<\/p>\n<p style=\"text-align: justify\">Seg\u00fan Arnous, el gobierno ha trabajado para apoyar a los afectados y pasar a la fase de recuperaci\u00f3n, y pretende recuperar la normalidad y superar el desastre.<\/p>\n<p style=\"text-align: justify\">Comenzamos hoy una etapa m\u00e1s avanzada al iniciar la reconstrucci\u00f3n de decenas de edificios en Alepo y Latakia como un primer paso para asegurar viviendas permanentes para los afectados por el terremoto, revel\u00f3.<\/p>\n<p style=\"text-align: justify\">Arnous indic\u00f3 que se chequearon cientos de miles de apartamentos y m\u00e1s de 59 mil edificios necesitan reforzamiento.<\/p>\n<p style=\"text-align: justify\">El reforzamiento de las edificaciones particulares y la reparaci\u00f3n de los da\u00f1os causados por el sismo se realizar\u00e1 a m\u00e1s tardar en diciembre de 2025 y las escuelas utilizadas como albergues ser\u00e1n desalojadas en agosto.<\/p>\n<p style=\"text-align: justify\">\u201cOccidente no levant\u00f3 las medidas econ\u00f3micas coercitivas unilaterales impuestas a Siria y sus alegaciones al respecto son falsas y enga\u00f1osas\u201d, concluy\u00f3.<\/p>\n<p style=\"text-align: justify\">fm\/ed<\/p>\n","protected":false},"excerpt":{"rendered":"<p>El reforzamiento de las edificaciones particulares y la reparaci\u00f3n de los da\u00f1os causados por el sismo se realizar\u00e1 a m\u00e1s tardar en diciembre de 2025 y las escuelas utilizadas como albergues ser\u00e1n desalojadas en agosto. Damasco, 25 abr (SANA)\u00a0 \u00a0El primer ministro Hussein Arnous, sostuvo una conferencia de prensa en la que explic\u00f3 el plan &hellip;<\/p>\n","protected":false},"author":32,"featured_media":295052,"comment_status":"closed","ping_status":"closed","sticky":false,"template":"","format":"standard","meta":{"footnotes":""},"categories":[447,477,597,476,583],"tags":[],"class_list":["post-295077","post","type-post","status-publish","format-standard","has-post-thumbnail","","category-local-politica","category-noticias-edulcorantes","category-cinta-de-noticias","category-locales","category-slide"],"_links":{"self":[{"href":"https:\/\/archive.sana.sy\/es\/index.php?rest_route=\/wp\/v2\/posts\/295077"}],"collection":[{"href":"https:\/\/archive.sana.sy\/es\/index.php?rest_route=\/wp\/v2\/posts"}],"about":[{"href":"https:\/\/archive.sana.sy\/es\/index.php?rest_route=\/wp\/v2\/types\/post"}],"author":[{"embeddable":true,"href":"https:\/\/archive.sana.sy\/es\/index.php?rest_route=\/wp\/v2\/users\/32"}],"replies":[{"embeddable":true,"href":"https:\/\/archive.sana.sy\/es\/index.php?rest_route=%2Fwp%2Fv2%2Fcomments&post=295077"}],"version-history":[{"count":2,"href":"https:\/\/archive.sana.sy\/es\/index.php?rest_route=\/wp\/v2\/posts\/295077\/revisions"}],"predecessor-version":[{"id":295092,"href":"https:\/\/archive.sana.sy\/es\/index.php?rest_route=\/wp\/v2\/posts\/295077\/revisions\/295092"}],"wp:featuredmedia":[{"embeddable":true,"href":"https:\/\/archive.sana.sy\/es\/index.php?rest_route=\/wp\/v2\/media\/295052"}],"wp:attachment":[{"href":"https:\/\/archive.sana.sy\/es\/index.php?rest_route=%2Fwp%2Fv2%2Fmedia&parent=295077"}],"wp:term":[{"taxonomy":"category","embeddable":true,"href":"https:\/\/archive.sana.sy\/es\/index.php?rest_route=%2Fwp%2Fv2%2Fcategories&post=295077"},{"taxonomy":"post_tag","embeddable":true,"href":"https:\/\/archive.sana.sy\/es\/index.php?rest_route=%2Fwp%2Fv2%2Ftags&post=295077"}],"curies":[{"name":"wp","href":"https:\/\/api.w.org\/{rel}","templated":true}]}}