{"id":295103,"date":"2023-04-25T18:24:43","date_gmt":"2023-04-25T15:24:43","guid":{"rendered":"http:\/\/sana.sy\/es\/?p=295103"},"modified":"2023-05-20T18:51:33","modified_gmt":"2023-05-20T15:51:33","slug":"presidente-tebboune-recibe-al-embajador-de-siria-con-motivo-del-termino-de-sus-funciones-en-argelia","status":"publish","type":"post","link":"https:\/\/archive.sana.sy\/es\/?p=295103","title":{"rendered":"Presidente Tebboune recibe al embajador de Siria con motivo del t\u00e9rmino de sus funciones en Argelia"},"content":{"rendered":"<p style=\"text-align: justify\"><span style=\"color: #800000\"><strong>Argelia, 25 abr (SANA)<\/strong><\/span> El presidente de Argelia, Abdelmadjid Tebboune, recibi\u00f3 este martes a Namir Wahib Al-Ghanim, embajador de Siria en Argelia, con motivo del t\u00e9rmino de sus funciones.<\/p>\n<p style=\"text-align: justify\">La reuni\u00f3n tuvo lugar en la sede de la Presidencia de la Rep\u00fablica, en presencia del director del despacho presidencial, Muhammad al-Nazir al-Arabawi, seg\u00fan inform\u00f3 la agencia de noticias argelina APS.<\/p>\n<p style=\"text-align: justify\">En declaraciones concedidas a la prensa tras la reuni\u00f3n, el embajador saliente dijo: \u201cTuve el honor de reunirme con el presidente Abdelmadjid Tebboune en una visita de despedida a su Excelencia con motivo del cese de mis funciones como embajador de la Rep\u00fablica \u00c1rabe Siria en Argelia, y escuch\u00e9 de \u00e9l una visi\u00f3n perspicaz respecto a temas regionales e internacionales, especialmente los \u00e1rabes.\u201d<\/p>\n<p style=\"text-align: justify\">Aclar\u00f3 que los l\u00edderes de los dos pa\u00edses hermanos est\u00e1n dispuesto a afianzar las relaciones bilaterales de manera que sean un ejemplo a seguir por todos los \u00e1rabes, y se\u00f1al\u00f3 que Siria no olvidar\u00e1 que Argelia estuvo a su lado durante su crisis.<\/p>\n<p style=\"text-align: justify\">Al-Ghanim expres\u00f3 sus votos de una continua prosperidad, desarrollo, fuerza y orgullo para Argelia.<\/p>\n<p>&nbsp;<\/p>\n<div id='gallery-1' class='gallery galleryid-295103 gallery-columns-1 gallery-size-full'><figure class='gallery-item'>\n\t\t\t<div class='gallery-icon landscape'>\n\t\t\t\t<a href='https:\/\/archive.sana.sy\/es\/?attachment_id=295105'><img loading=\"lazy\" decoding=\"async\" width=\"660\" height=\"450\" src=\"https:\/\/archive.sana.sy\/es\/wp-content\/uploads\/2023\/04\/Embajador-de-Siria-en-Argelia-Al-Ghanim.jpeg\" class=\"attachment-full size-full\" alt=\"\" srcset=\"https:\/\/archive.sana.sy\/es\/wp-content\/uploads\/2023\/04\/Embajador-de-Siria-en-Argelia-Al-Ghanim.jpeg 660w, https:\/\/archive.sana.sy\/es\/wp-content\/uploads\/2023\/04\/Embajador-de-Siria-en-Argelia-Al-Ghanim-300x205.jpeg 300w, https:\/\/archive.sana.sy\/es\/wp-content\/uploads\/2023\/04\/Embajador-de-Siria-en-Argelia-Al-Ghanim-150x102.jpeg 150w, https:\/\/archive.sana.sy\/es\/wp-content\/uploads\/2023\/04\/Embajador-de-Siria-en-Argelia-Al-Ghanim-110x75.jpeg 110w\" sizes=\"(max-width: 660px) 100vw, 660px\" \/><\/a>\n\t\t\t<\/div><\/figure>\n\t\t<\/div>\n\n<p style=\"text-align: justify\">la<\/p>\n<p style=\"text-align: justify\">\n","protected":false},"excerpt":{"rendered":"<p>Argelia, 25 abr (SANA) El presidente de Argelia, Abdelmadjid Tebboune, recibi\u00f3 este martes a Namir Wahib Al-Ghanim, embajador de Siria en Argelia, con motivo del t\u00e9rmino de sus funciones. La reuni\u00f3n tuvo lugar en la sede de la Presidencia de la Rep\u00fablica, en presencia del director del despacho presidencial, Muhammad al-Nazir al-Arabawi, seg\u00fan inform\u00f3 la &hellip;<\/p>\n","protected":false},"author":24,"featured_media":295104,"comment_status":"closed","ping_status":"closed","sticky":false,"template":"","format":"standard","meta":{"footnotes":""},"categories":[597,20724,467,7541],"tags":[6867,22006,22007,6553],"class_list":["post-295103","post","type-post","status-publish","format-standard","has-post-thumbnail","","category-cinta-de-noticias","category-minuto-a-minuto","category-siria-y-el-mundo","category-ultimas-noticias","tag-argelia","tag-embajador-sirio","tag-presidente-tebboune","tag-siria"],"_links":{"self":[{"href":"https:\/\/archive.sana.sy\/es\/index.php?rest_route=\/wp\/v2\/posts\/295103"}],"collection":[{"href":"https:\/\/archive.sana.sy\/es\/index.php?rest_route=\/wp\/v2\/posts"}],"about":[{"href":"https:\/\/archive.sana.sy\/es\/index.php?rest_route=\/wp\/v2\/types\/post"}],"author":[{"embeddable":true,"href":"https:\/\/archive.sana.sy\/es\/index.php?rest_route=\/wp\/v2\/users\/24"}],"replies":[{"embeddable":true,"href":"https:\/\/archive.sana.sy\/es\/index.php?rest_route=%2Fwp%2Fv2%2Fcomments&post=295103"}],"version-history":[{"count":3,"href":"https:\/\/archive.sana.sy\/es\/index.php?rest_route=\/wp\/v2\/posts\/295103\/revisions"}],"predecessor-version":[{"id":295108,"href":"https:\/\/archive.sana.sy\/es\/index.php?rest_route=\/wp\/v2\/posts\/295103\/revisions\/295108"}],"wp:featuredmedia":[{"embeddable":true,"href":"https:\/\/archive.sana.sy\/es\/index.php?rest_route=\/wp\/v2\/media\/295104"}],"wp:attachment":[{"href":"https:\/\/archive.sana.sy\/es\/index.php?rest_route=%2Fwp%2Fv2%2Fmedia&parent=295103"}],"wp:term":[{"taxonomy":"category","embeddable":true,"href":"https:\/\/archive.sana.sy\/es\/index.php?rest_route=%2Fwp%2Fv2%2Fcategories&post=295103"},{"taxonomy":"post_tag","embeddable":true,"href":"https:\/\/archive.sana.sy\/es\/index.php?rest_route=%2Fwp%2Fv2%2Ftags&post=295103"}],"curies":[{"name":"wp","href":"https:\/\/api.w.org\/{rel}","templated":true}]}}