{"id":295159,"date":"2023-04-26T11:36:12","date_gmt":"2023-04-26T08:36:12","guid":{"rendered":"http:\/\/sana.sy\/es\/?p=295159"},"modified":"2023-04-26T11:36:45","modified_gmt":"2023-04-26T08:36:45","slug":"neurocirujano-sirio-salva-a-una-periodista-del-new-york-post","status":"publish","type":"post","link":"https:\/\/archive.sana.sy\/es\/?p=295159","title":{"rendered":"Neurocirujano sirio salva a una periodista del New York Post"},"content":{"rendered":"<blockquote>\n<p style=\"text-align: justify;\"><span style=\"color: #800000;\">La reportera sufr\u00eda una rara enfermedad que casi destruye su vida y acab\u00f3 internada en el Centro M\u00e9dico Langone de la Universidad de Nueva York, donde decenas de m\u00e9dicos trataron averiguar el origen de su \u201cenfermedad mental\u201d pero nunca lo lograron. El caso acab\u00f3 finalmente en manos del doctor Souhel Najjar con una prueba f\u00e1cil pero infalible.<\/span><\/p>\n<\/blockquote>\n<p style=\"text-align: justify;\"><span style=\"color: #800000;\"><strong>Damasco, 26 abr (SANA)\u00a0<\/strong><\/span> El famoso neur\u00f3logo sirio, Souhel Najjar, naci\u00f3 en Damasco, donde estudi\u00f3 medicina y se especializ\u00f3 neurolog\u00eda de la Facultad de Medicina de la Universidad de Damasco.<\/p>\n<p style=\"text-align: justify;\"><img loading=\"lazy\" decoding=\"async\" class=\"size-medium wp-image-295161 alignright\" src=\"http:\/\/sana.sy\/es\/wp-content\/uploads\/2023\/04\/photo_2023-04-25_13-06-58-202x300.jpg\" alt=\"\" width=\"202\" height=\"300\" srcset=\"https:\/\/archive.sana.sy\/es\/wp-content\/uploads\/2023\/04\/photo_2023-04-25_13-06-58-202x300.jpg 202w, https:\/\/archive.sana.sy\/es\/wp-content\/uploads\/2023\/04\/photo_2023-04-25_13-06-58-101x150.jpg 101w, https:\/\/archive.sana.sy\/es\/wp-content\/uploads\/2023\/04\/photo_2023-04-25_13-06-58.jpg 496w\" sizes=\"(max-width: 202px) 100vw, 202px\" \/><\/p>\n<p style=\"text-align: justify;\">Despu\u00e9s de trabajar durante un per\u00edodo en ciudad natal, se mud\u00f3 a Estados Unidos, donde gracias a su profesionalismo y dedicaci\u00f3n al trabajo, pudo tratar situaciones de salud muy complejas y dif\u00edciles, que en algunos casos los propios m\u00e9dicos estadounidenses no pudieron diagnosticarlas y tratarlas, tal como sucedi\u00f3 con la reportera del New York Post, Susannah Cahalan, quien padec\u00eda de alucinaciones y su salud se deterior\u00f3 repentinamente.<\/p>\n<p style=\"text-align: justify;\">La reportera sufr\u00eda una rara enfermedad que casi destruye su vida y acab\u00f3 internada en el Centro M\u00e9dico Langone de la Universidad de Nueva York, donde decenas de m\u00e9dicos trataron averiguar el origen de su \u201cenfermedad mental\u201d pero nunca lo lograron. El caso acab\u00f3 finalmente en manos del doctor Souhel Najjar con una prueba f\u00e1cil pero infalible.<\/p>\n<p style=\"text-align: justify;\">El doctor no me orden\u00f3 que hiciera nada, ni an\u00e1lisis de sangre ni radiograf\u00edas, sino que me pidi\u00f3 que dibujara un reloj y cuando mir\u00f3 el dibujo, supo que yo padec\u00eda de una enfermedad f\u00edsica y no psicol\u00f3gica ni mental, explic\u00f3 la mujer.<\/p>\n<p style=\"text-align: justify;\">La pintura del reloj extra\u00f1o de Susannah revel\u00f3 que ten\u00eda inflamado el lado derecho del cerebro ya que bosqueja las 12 horas completas en la mitad de la circunferencia, lo que confirm\u00f3 las sospechas del doctor.<\/p>\n<p style=\"text-align: justify;\"><img loading=\"lazy\" decoding=\"async\" class=\"size-medium wp-image-295162 alignright\" src=\"http:\/\/sana.sy\/es\/wp-content\/uploads\/2023\/04\/photo_2023-04-25_13-06-55-2-300x169.jpg\" alt=\"\" width=\"300\" height=\"169\" srcset=\"https:\/\/archive.sana.sy\/es\/wp-content\/uploads\/2023\/04\/photo_2023-04-25_13-06-55-2-300x169.jpg 300w, https:\/\/archive.sana.sy\/es\/wp-content\/uploads\/2023\/04\/photo_2023-04-25_13-06-55-2-150x84.jpg 150w, https:\/\/archive.sana.sy\/es\/wp-content\/uploads\/2023\/04\/photo_2023-04-25_13-06-55-2-768x432.jpg 768w, https:\/\/archive.sana.sy\/es\/wp-content\/uploads\/2023\/04\/photo_2023-04-25_13-06-55-2.jpg 800w\" sizes=\"(max-width: 300px) 100vw, 300px\" \/><\/p>\n<p style=\"text-align: justify;\">Los an\u00e1lisis de sangre y l\u00edquido cefalorraqu\u00eddeo revelaron la presencia encefalitis por anticuerpos contra el receptor NMDA. Es decir, que los receptores del l\u00f3bulo frontal de los l\u00f3bulos temporales, se hallaban bajo el asalto del sistema inmunitario. El mismo doctor lo explicaba en el canal CBS New York.<\/p>\n<p style=\"text-align: justify;\">Este hallazgo fue lo que impidi\u00f3 que Susannah terminara como la mayor\u00eda de las personas que han sufrido de los mismos s\u00edntomas en un hospital psiqui\u00e1trico y perder su promisoria carrera de periodismo.<\/p>\n<p style=\"text-align: justify;\">Despu\u00e9s de su recuperaci\u00f3n, decidi\u00f3 plasmar su historia en el libro \u201cBrain on fire\u201d que ser\u00e1 convertido en pel\u00edcula este mismo a\u00f1o.<\/p>\n<p style=\"text-align: justify;\">En 2020, el doctor Suhail Najjar recibi\u00f3 la Medalla Honoraria de Ellis Island del coraje indomable, misericordia ilimitada, talentos \u00fanicos y generosidad desinteresada. Esta presea ha sido otorgada por siete presidentes de EE.UU.<\/p>\n<div id='gallery-1' class='gallery galleryid-295159 gallery-columns-1 gallery-size-full'><figure class='gallery-item'>\n\t\t\t<div class='gallery-icon landscape'>\n\t\t\t\t<a href='https:\/\/archive.sana.sy\/es\/wp-content\/uploads\/2023\/04\/photo_2023-04-25_13-07-00.jpg'><img loading=\"lazy\" decoding=\"async\" width=\"800\" height=\"509\" src=\"https:\/\/archive.sana.sy\/es\/wp-content\/uploads\/2023\/04\/photo_2023-04-25_13-07-00.jpg\" class=\"attachment-full size-full\" alt=\"\" srcset=\"https:\/\/archive.sana.sy\/es\/wp-content\/uploads\/2023\/04\/photo_2023-04-25_13-07-00.jpg 800w, https:\/\/archive.sana.sy\/es\/wp-content\/uploads\/2023\/04\/photo_2023-04-25_13-07-00-300x191.jpg 300w, https:\/\/archive.sana.sy\/es\/wp-content\/uploads\/2023\/04\/photo_2023-04-25_13-07-00-150x95.jpg 150w, https:\/\/archive.sana.sy\/es\/wp-content\/uploads\/2023\/04\/photo_2023-04-25_13-07-00-768x489.jpg 768w\" sizes=\"(max-width: 800px) 100vw, 800px\" \/><\/a>\n\t\t\t<\/div><\/figure>\n\t\t<\/div>\n\n<p style=\"text-align: justify;\"><strong>Watfeh Saloum\/fm<\/strong><\/p>\n","protected":false},"excerpt":{"rendered":"<p>La reportera sufr\u00eda una rara enfermedad que casi destruye su vida y acab\u00f3 internada en el Centro M\u00e9dico Langone de la Universidad de Nueva York, donde decenas de m\u00e9dicos trataron averiguar el origen de su \u201cenfermedad mental\u201d pero nunca lo lograron. El caso acab\u00f3 finalmente en manos del doctor Souhel Najjar con una prueba f\u00e1cil &hellip;<\/p>\n","protected":false},"author":35,"featured_media":295160,"comment_status":"closed","ping_status":"closed","sticky":false,"template":"","format":"standard","meta":{"footnotes":""},"categories":[597,456,16687,20724,583],"tags":[],"class_list":["post-295159","post","type-post","status-publish","format-standard","has-post-thumbnail","","category-cinta-de-noticias","category-arabe-internacional-politica","category-internacionales","category-minuto-a-minuto","category-slide"],"_links":{"self":[{"href":"https:\/\/archive.sana.sy\/es\/index.php?rest_route=\/wp\/v2\/posts\/295159"}],"collection":[{"href":"https:\/\/archive.sana.sy\/es\/index.php?rest_route=\/wp\/v2\/posts"}],"about":[{"href":"https:\/\/archive.sana.sy\/es\/index.php?rest_route=\/wp\/v2\/types\/post"}],"author":[{"embeddable":true,"href":"https:\/\/archive.sana.sy\/es\/index.php?rest_route=\/wp\/v2\/users\/35"}],"replies":[{"embeddable":true,"href":"https:\/\/archive.sana.sy\/es\/index.php?rest_route=%2Fwp%2Fv2%2Fcomments&post=295159"}],"version-history":[{"count":2,"href":"https:\/\/archive.sana.sy\/es\/index.php?rest_route=\/wp\/v2\/posts\/295159\/revisions"}],"predecessor-version":[{"id":295165,"href":"https:\/\/archive.sana.sy\/es\/index.php?rest_route=\/wp\/v2\/posts\/295159\/revisions\/295165"}],"wp:featuredmedia":[{"embeddable":true,"href":"https:\/\/archive.sana.sy\/es\/index.php?rest_route=\/wp\/v2\/media\/295160"}],"wp:attachment":[{"href":"https:\/\/archive.sana.sy\/es\/index.php?rest_route=%2Fwp%2Fv2%2Fmedia&parent=295159"}],"wp:term":[{"taxonomy":"category","embeddable":true,"href":"https:\/\/archive.sana.sy\/es\/index.php?rest_route=%2Fwp%2Fv2%2Fcategories&post=295159"},{"taxonomy":"post_tag","embeddable":true,"href":"https:\/\/archive.sana.sy\/es\/index.php?rest_route=%2Fwp%2Fv2%2Ftags&post=295159"}],"curies":[{"name":"wp","href":"https:\/\/api.w.org\/{rel}","templated":true}]}}