{"id":295191,"date":"2023-04-26T15:48:07","date_gmt":"2023-04-26T12:48:07","guid":{"rendered":"http:\/\/sana.sy\/es\/?p=295191"},"modified":"2023-04-26T15:52:49","modified_gmt":"2023-04-26T12:52:49","slug":"siria-e-iran-por-desarrollar-la-cooperacion-en-el-transporte-terrestre-maritimo-y-aereo","status":"publish","type":"post","link":"https:\/\/archive.sana.sy\/es\/?p=295191","title":{"rendered":"Siria e Ir\u00e1n por desarrollar la cooperaci\u00f3n en el transporte terrestre, mar\u00edtimo y a\u00e9reo"},"content":{"rendered":"<blockquote>\n<p style=\"text-align: justify;\"><span style=\"color: #993300;\">Se analiz\u00f3 la propuesta del enlace ferroviario para el transporte de pasajeros y mercanc\u00edas entre Siria, Iraq e Ir\u00e1n y establecer empresas de transporte conjuntas y activar las l\u00edneas de transporte mar\u00edtimo entre los puertos de la dos pa\u00edses.<\/span><\/p>\n<\/blockquote>\n<p style=\"text-align: justify;\"><span style=\"color: #800000;\"><strong>Damasco, 26 abr (SANA)\u00a0\u00a0<\/strong> <\/span>El ministro de Transporte, Zuhair Khuzaym, repas\u00f3 hoy en esta capital con el Ministro iran\u00ed de Carreteras y Construcci\u00f3n de Ciudades, Mehrdad Bazarbash, las perspectivas de cooperaci\u00f3n bilateral en los campos del transporte terrestre, mar\u00edtimo, a\u00e9reo y ferroviario.<\/p>\n<p style=\"text-align: justify;\">Durante una reuni\u00f3n celebrada hoy en la sede del Ministerio de Transporte en Damasco, las dos partes repasaron el mecanismo para implementar los acuerdos y memorandos de entendimiento, y desarrollar el trabajo acordado durante el comit\u00e9 Conjunto Sirio-iran\u00ed, incluido el enlace ferroviario para el transporte de pasajeros y mercanc\u00edas entre Siria, Iraq e Ir\u00e1n.<\/p>\n<p style=\"text-align: justify;\">Tambi\u00e9n, se analiz\u00f3 la propuesta de establecer empresas de transporte conjuntas y activar las l\u00edneas de transporte mar\u00edtimo entre los puertos de la dos pa\u00edses.<\/p>\n<p style=\"text-align: justify;\">Las dos partes se\u00f1alaron la importancia de incrementar los vuelos y las facilidades brindadas a los visitantes, y la necesidad de activar la l\u00ednea de tr\u00e1nsito y carga como arteria econ\u00f3mica vital para el intercambio de mercanc\u00edas.<\/p>\n<p style=\"text-align: justify;\">Abogaron por la coordinaci\u00f3n permanente para enfrentar los desaf\u00edos y las medidas econ\u00f3micas coercitivas unilaterales impuestas a los dos pa\u00edses.<\/p>\n<p style=\"text-align: justify;\">fm<\/p>\n","protected":false},"excerpt":{"rendered":"<p>Se analiz\u00f3 la propuesta del enlace ferroviario para el transporte de pasajeros y mercanc\u00edas entre Siria, Iraq e Ir\u00e1n y establecer empresas de transporte conjuntas y activar las l\u00edneas de transporte mar\u00edtimo entre los puertos de la dos pa\u00edses. Damasco, 26 abr (SANA)\u00a0\u00a0 El ministro de Transporte, Zuhair Khuzaym, repas\u00f3 hoy en esta capital con &hellip;<\/p>\n","protected":false},"author":34,"featured_media":295192,"comment_status":"closed","ping_status":"closed","sticky":false,"template":"","format":"standard","meta":{"footnotes":""},"categories":[447,597,476,467,7541],"tags":[],"class_list":["post-295191","post","type-post","status-publish","format-standard","has-post-thumbnail","","category-local-politica","category-cinta-de-noticias","category-locales","category-siria-y-el-mundo","category-ultimas-noticias"],"_links":{"self":[{"href":"https:\/\/archive.sana.sy\/es\/index.php?rest_route=\/wp\/v2\/posts\/295191"}],"collection":[{"href":"https:\/\/archive.sana.sy\/es\/index.php?rest_route=\/wp\/v2\/posts"}],"about":[{"href":"https:\/\/archive.sana.sy\/es\/index.php?rest_route=\/wp\/v2\/types\/post"}],"author":[{"embeddable":true,"href":"https:\/\/archive.sana.sy\/es\/index.php?rest_route=\/wp\/v2\/users\/34"}],"replies":[{"embeddable":true,"href":"https:\/\/archive.sana.sy\/es\/index.php?rest_route=%2Fwp%2Fv2%2Fcomments&post=295191"}],"version-history":[{"count":1,"href":"https:\/\/archive.sana.sy\/es\/index.php?rest_route=\/wp\/v2\/posts\/295191\/revisions"}],"predecessor-version":[{"id":295193,"href":"https:\/\/archive.sana.sy\/es\/index.php?rest_route=\/wp\/v2\/posts\/295191\/revisions\/295193"}],"wp:featuredmedia":[{"embeddable":true,"href":"https:\/\/archive.sana.sy\/es\/index.php?rest_route=\/wp\/v2\/media\/295192"}],"wp:attachment":[{"href":"https:\/\/archive.sana.sy\/es\/index.php?rest_route=%2Fwp%2Fv2%2Fmedia&parent=295191"}],"wp:term":[{"taxonomy":"category","embeddable":true,"href":"https:\/\/archive.sana.sy\/es\/index.php?rest_route=%2Fwp%2Fv2%2Fcategories&post=295191"},{"taxonomy":"post_tag","embeddable":true,"href":"https:\/\/archive.sana.sy\/es\/index.php?rest_route=%2Fwp%2Fv2%2Ftags&post=295191"}],"curies":[{"name":"wp","href":"https:\/\/api.w.org\/{rel}","templated":true}]}}