{"id":295297,"date":"2023-04-27T09:55:06","date_gmt":"2023-04-27T06:55:06","guid":{"rendered":"http:\/\/sana.sy\/es\/?p=295297"},"modified":"2023-04-27T09:55:06","modified_gmt":"2023-04-27T06:55:06","slug":"matvienko-rusia-gana-nuevos-aliados-y-fortalece-su-posicion-a-nivel-internacional","status":"publish","type":"post","link":"https:\/\/archive.sana.sy\/es\/?p=295297","title":{"rendered":"Matvienko: Rusia gana nuevos aliados y fortalece su posici\u00f3n a nivel internacional"},"content":{"rendered":"<blockquote>\n<p style=\"text-align: justify;\"><span style=\"color: #993300;\">Esto se evidencia claramente por la cantidad de solicitudes internacionales para celebrar reuniones en varios formatos con parlamentarios rusos y la agenda de pr\u00f3ximos eventos.<\/span><\/p>\n<\/blockquote>\n<p style=\"text-align: justify;\"><span style=\"color: #800000;\"><strong>Mosc\u00fa, 27 abr (SANA)<\/strong> <\/span>La presidenta del Consejo de la Federaci\u00f3n Rusa, Valentina Matvienko, consider\u00f3 que su pa\u00eds fortalece su posici\u00f3n en el escenario internacional y gana nuevos aliados, a pesar de los incesantes ataques de Occidente y sus intentos por todos los medios de aislarla.<\/p>\n<p style=\"text-align: justify;\">&#8220;La formaci\u00f3n de una nueva estructura geopol\u00edtica en el mundo y la interacci\u00f3n de los diputados rusos con sus colegas en pa\u00edses amigos que no aceptan la hegemon\u00eda y los dictados extranjeros, se ha convertido en una de las tendencias m\u00e1s importantes de nuestra pol\u00edtica exterior\u201d, dijo Matvienko con motivo del D\u00eda del Sistema Parlamentario Ruso.<\/p>\n<p style=\"text-align: justify;\">Aclar\u00f3 que esto se evidencia claramente por la cantidad de solicitudes internacionales para celebrar reuniones en varios formatos con parlamentarios rusos y la agenda de pr\u00f3ximos eventos.<\/p>\n<p style=\"text-align: justify;\">Destac\u00f3 la importancia de desarrollar la diplomacia parlamentaria internacional, intensificar los contactos y lograr resultados tangibles en el trabajo parlamentario internacional.<\/p>\n<p style=\"text-align: justify;\">fm\/as<\/p>\n","protected":false},"excerpt":{"rendered":"<p>Esto se evidencia claramente por la cantidad de solicitudes internacionales para celebrar reuniones en varios formatos con parlamentarios rusos y la agenda de pr\u00f3ximos eventos. Mosc\u00fa, 27 abr (SANA) La presidenta del Consejo de la Federaci\u00f3n Rusa, Valentina Matvienko, consider\u00f3 que su pa\u00eds fortalece su posici\u00f3n en el escenario internacional y gana nuevos aliados, a &hellip;<\/p>\n","protected":false},"author":42,"featured_media":295298,"comment_status":"closed","ping_status":"closed","sticky":false,"template":"","format":"standard","meta":{"footnotes":""},"categories":[597,456,16687,20724,7541],"tags":[],"class_list":["post-295297","post","type-post","status-publish","format-standard","has-post-thumbnail","","category-cinta-de-noticias","category-arabe-internacional-politica","category-internacionales","category-minuto-a-minuto","category-ultimas-noticias"],"_links":{"self":[{"href":"https:\/\/archive.sana.sy\/es\/index.php?rest_route=\/wp\/v2\/posts\/295297"}],"collection":[{"href":"https:\/\/archive.sana.sy\/es\/index.php?rest_route=\/wp\/v2\/posts"}],"about":[{"href":"https:\/\/archive.sana.sy\/es\/index.php?rest_route=\/wp\/v2\/types\/post"}],"author":[{"embeddable":true,"href":"https:\/\/archive.sana.sy\/es\/index.php?rest_route=\/wp\/v2\/users\/42"}],"replies":[{"embeddable":true,"href":"https:\/\/archive.sana.sy\/es\/index.php?rest_route=%2Fwp%2Fv2%2Fcomments&post=295297"}],"version-history":[{"count":1,"href":"https:\/\/archive.sana.sy\/es\/index.php?rest_route=\/wp\/v2\/posts\/295297\/revisions"}],"predecessor-version":[{"id":295299,"href":"https:\/\/archive.sana.sy\/es\/index.php?rest_route=\/wp\/v2\/posts\/295297\/revisions\/295299"}],"wp:featuredmedia":[{"embeddable":true,"href":"https:\/\/archive.sana.sy\/es\/index.php?rest_route=\/wp\/v2\/media\/295298"}],"wp:attachment":[{"href":"https:\/\/archive.sana.sy\/es\/index.php?rest_route=%2Fwp%2Fv2%2Fmedia&parent=295297"}],"wp:term":[{"taxonomy":"category","embeddable":true,"href":"https:\/\/archive.sana.sy\/es\/index.php?rest_route=%2Fwp%2Fv2%2Fcategories&post=295297"},{"taxonomy":"post_tag","embeddable":true,"href":"https:\/\/archive.sana.sy\/es\/index.php?rest_route=%2Fwp%2Fv2%2Ftags&post=295297"}],"curies":[{"name":"wp","href":"https:\/\/api.w.org\/{rel}","templated":true}]}}