{"id":295304,"date":"2023-04-27T13:13:36","date_gmt":"2023-04-27T10:13:36","guid":{"rendered":"http:\/\/sana.sy\/es\/?p=295304"},"modified":"2023-04-27T13:13:36","modified_gmt":"2023-04-27T10:13:36","slug":"colonos-israelies-destruyen-cultivos-agricolas-y-arrancan-arboles-de-uva-y-olivo-de-los-palestinos","status":"publish","type":"post","link":"https:\/\/archive.sana.sy\/es\/?p=295304","title":{"rendered":"Colonos israel\u00edes destruyen cultivos agr\u00edcolas y arrancan \u00e1rboles de uva y olivo de los palestinos"},"content":{"rendered":"<p style=\"text-align: justify;\"><span style=\"color: #800000;\"><strong>Jerusal\u00e9n ocupada, 27 abr (SANA)<\/strong> <\/span>Los colonos israel\u00edes arrancaron decenas de \u00e1rboles de uva y olivo, y destruyeron cultivos agr\u00edcolas en las tierras de la aldea de Husan, al oeste de Bel\u00e9n, en Cisjordania.<\/p>\n<p style=\"text-align: justify;\">El alcalde Rami Hamamra declar\u00f3 a la agencia de noticias palestina Wafa que los colonos asaltaron las tierras agr\u00edcolas en el \u00e1rea de Wadi Qadis, donde arrancaron decenas de \u00e1rboles de olivos y vides, destruyeron cultivos de varios tipos de vegetales, adem\u00e1s de una red de agua para regar los cultivos.<\/p>\n<p style=\"text-align: justify;\">El \u00e1rea de Wadi Qadis, que cubre un \u00e1rea de m\u00e1s de 400 kil\u00f3metros cuadrados y contiene alrededor de 12 manantiales de agua y tierras agr\u00edcolas de las que los palestinos dependen como fuente de sustento, sufre repetidos ataques de los colonos para apoderarse de ellos.<\/p>\n<p style=\"text-align: justify;\">fm\/ as<\/p>\n","protected":false},"excerpt":{"rendered":"<p>Jerusal\u00e9n ocupada, 27 abr (SANA) Los colonos israel\u00edes arrancaron decenas de \u00e1rboles de uva y olivo, y destruyeron cultivos agr\u00edcolas en las tierras de la aldea de Husan, al oeste de Bel\u00e9n, en Cisjordania. El alcalde Rami Hamamra declar\u00f3 a la agencia de noticias palestina Wafa que los colonos asaltaron las tierras agr\u00edcolas en el &hellip;<\/p>\n","protected":false},"author":42,"featured_media":295305,"comment_status":"closed","ping_status":"closed","sticky":false,"template":"","format":"standard","meta":{"footnotes":""},"categories":[597,456,16687,20724,7541],"tags":[],"class_list":["post-295304","post","type-post","status-publish","format-standard","has-post-thumbnail","","category-cinta-de-noticias","category-arabe-internacional-politica","category-internacionales","category-minuto-a-minuto","category-ultimas-noticias"],"_links":{"self":[{"href":"https:\/\/archive.sana.sy\/es\/index.php?rest_route=\/wp\/v2\/posts\/295304"}],"collection":[{"href":"https:\/\/archive.sana.sy\/es\/index.php?rest_route=\/wp\/v2\/posts"}],"about":[{"href":"https:\/\/archive.sana.sy\/es\/index.php?rest_route=\/wp\/v2\/types\/post"}],"author":[{"embeddable":true,"href":"https:\/\/archive.sana.sy\/es\/index.php?rest_route=\/wp\/v2\/users\/42"}],"replies":[{"embeddable":true,"href":"https:\/\/archive.sana.sy\/es\/index.php?rest_route=%2Fwp%2Fv2%2Fcomments&post=295304"}],"version-history":[{"count":1,"href":"https:\/\/archive.sana.sy\/es\/index.php?rest_route=\/wp\/v2\/posts\/295304\/revisions"}],"predecessor-version":[{"id":295306,"href":"https:\/\/archive.sana.sy\/es\/index.php?rest_route=\/wp\/v2\/posts\/295304\/revisions\/295306"}],"wp:featuredmedia":[{"embeddable":true,"href":"https:\/\/archive.sana.sy\/es\/index.php?rest_route=\/wp\/v2\/media\/295305"}],"wp:attachment":[{"href":"https:\/\/archive.sana.sy\/es\/index.php?rest_route=%2Fwp%2Fv2%2Fmedia&parent=295304"}],"wp:term":[{"taxonomy":"category","embeddable":true,"href":"https:\/\/archive.sana.sy\/es\/index.php?rest_route=%2Fwp%2Fv2%2Fcategories&post=295304"},{"taxonomy":"post_tag","embeddable":true,"href":"https:\/\/archive.sana.sy\/es\/index.php?rest_route=%2Fwp%2Fv2%2Ftags&post=295304"}],"curies":[{"name":"wp","href":"https:\/\/api.w.org\/{rel}","templated":true}]}}