{"id":295307,"date":"2023-04-27T13:18:30","date_gmt":"2023-04-27T10:18:30","guid":{"rendered":"http:\/\/sana.sy\/es\/?p=295307"},"modified":"2023-04-27T13:18:59","modified_gmt":"2023-04-27T10:18:59","slug":"provincia-siria-producira-960-mil-toneladas-de-trigo-y-cebada","status":"publish","type":"post","link":"https:\/\/archive.sana.sy\/es\/?p=295307","title":{"rendered":"Provincia siria producir\u00e1 960 mil toneladas de trigo y cebada"},"content":{"rendered":"<p style=\"text-align: justify;\"><span style=\"color: #800000;\"><strong>Hasakeh, 27 abr (SANA)<\/strong> <\/span>El Departamento de Agricultura y Reforma Agraria de la gobernaci\u00f3n de Hasakeh estim\u00f3 la producci\u00f3n de cultivos de trigo y cebada para la temporada actual en alrededor de 960.000 toneladas.<\/p>\n<p style=\"text-align: justify;\">El director provincial de Producci\u00f3n Vegetal, Jalal Bilal, declar\u00f3 que las expectativas de producci\u00f3n para la temporada actual indican que la provincia produce 690 mil toneladas para trigo y 270 mil toneladas de cebada.<\/p>\n<p style=\"text-align: justify;\">fm\/as<\/p>\n","protected":false},"excerpt":{"rendered":"<p>Hasakeh, 27 abr (SANA) El Departamento de Agricultura y Reforma Agraria de la gobernaci\u00f3n de Hasakeh estim\u00f3 la producci\u00f3n de cultivos de trigo y cebada para la temporada actual en alrededor de 960.000 toneladas. El director provincial de Producci\u00f3n Vegetal, Jalal Bilal, declar\u00f3 que las expectativas de producci\u00f3n para la temporada actual indican que la &hellip;<\/p>\n","protected":false},"author":42,"featured_media":295308,"comment_status":"closed","ping_status":"closed","sticky":false,"template":"","format":"standard","meta":{"footnotes":""},"categories":[493,597,483,20724,476,575,7541],"tags":[],"class_list":["post-295307","post","type-post","status-publish","format-standard","has-post-thumbnail","","category-agricultura","category-cinta-de-noticias","category-negocios-y-finanzas","category-minuto-a-minuto","category-locales","category-provincias","category-ultimas-noticias"],"_links":{"self":[{"href":"https:\/\/archive.sana.sy\/es\/index.php?rest_route=\/wp\/v2\/posts\/295307"}],"collection":[{"href":"https:\/\/archive.sana.sy\/es\/index.php?rest_route=\/wp\/v2\/posts"}],"about":[{"href":"https:\/\/archive.sana.sy\/es\/index.php?rest_route=\/wp\/v2\/types\/post"}],"author":[{"embeddable":true,"href":"https:\/\/archive.sana.sy\/es\/index.php?rest_route=\/wp\/v2\/users\/42"}],"replies":[{"embeddable":true,"href":"https:\/\/archive.sana.sy\/es\/index.php?rest_route=%2Fwp%2Fv2%2Fcomments&post=295307"}],"version-history":[{"count":1,"href":"https:\/\/archive.sana.sy\/es\/index.php?rest_route=\/wp\/v2\/posts\/295307\/revisions"}],"predecessor-version":[{"id":295309,"href":"https:\/\/archive.sana.sy\/es\/index.php?rest_route=\/wp\/v2\/posts\/295307\/revisions\/295309"}],"wp:featuredmedia":[{"embeddable":true,"href":"https:\/\/archive.sana.sy\/es\/index.php?rest_route=\/wp\/v2\/media\/295308"}],"wp:attachment":[{"href":"https:\/\/archive.sana.sy\/es\/index.php?rest_route=%2Fwp%2Fv2%2Fmedia&parent=295307"}],"wp:term":[{"taxonomy":"category","embeddable":true,"href":"https:\/\/archive.sana.sy\/es\/index.php?rest_route=%2Fwp%2Fv2%2Fcategories&post=295307"},{"taxonomy":"post_tag","embeddable":true,"href":"https:\/\/archive.sana.sy\/es\/index.php?rest_route=%2Fwp%2Fv2%2Ftags&post=295307"}],"curies":[{"name":"wp","href":"https:\/\/api.w.org\/{rel}","templated":true}]}}