{"id":29534,"date":"2015-09-05T13:29:39","date_gmt":"2015-09-05T10:29:39","guid":{"rendered":"http:\/\/sana.sy\/es\/?p=29534"},"modified":"2015-09-05T13:29:39","modified_gmt":"2015-09-05T10:29:39","slug":"rohani-subraya-la-importancia-de-una-estrecha-cooperacion-entre-los-estados-para-combatir-el-terrorismo","status":"publish","type":"post","link":"https:\/\/archive.sana.sy\/es\/?p=29534","title":{"rendered":"Rohani subraya la importancia de una estrecha cooperaci\u00f3n entre los Estados para combatir el terrorismo"},"content":{"rendered":"<p><span style=\"color: #800000\">Teher\u00e1n, SANA<\/span><\/p>\n<p>El presidente iran\u00ed, Hassan Rowhani, destac\u00f3 la necesidad de materializar una estrecha cooperaci\u00f3n entre los Estados para combatir el terrorismo y el extremismo.<\/p>\n<p>En una conferencia de prensa celebrada este s\u00e1bado con su hom\u00f3logo kirgu\u00eds Almazbek Atambayev, Rowhani dijo: &#8220;Hemos hecho hincapi\u00e9 en que la estrecha cooperaci\u00f3n debe ser m\u00e1s eficaz para combatir el terrorismo y luchar contra las organizaciones terroristas que vemos sus cr\u00edmenes y actos de sabotaje, como Al-Qaeda, los talibanes, el EI y otros.&#8221;<\/p>\n<p>Rowhani explic\u00f3 que &#8220;la llegada de grupos extremistas de Asia central para unirse a las organizaciones terroristas requiere una cooperaci\u00f3n pol\u00edtica y de seguridad entre los dos pa\u00edses para combatir el terrorismo en la regi\u00f3n y asegurar el \u00e9xito de m\u00e1s pasos en este sentido.&#8221;<br \/>\nFady M., Lynn A.<\/p>\n","protected":false},"excerpt":{"rendered":"<p>Teher\u00e1n, SANA El presidente iran\u00ed, Hassan Rowhani, destac\u00f3 la necesidad de materializar una estrecha cooperaci\u00f3n entre los Estados para combatir el terrorismo y el extremismo. En una conferencia de prensa celebrada este s\u00e1bado con su hom\u00f3logo kirgu\u00eds Almazbek Atambayev, Rowhani dijo: &#8220;Hemos hecho hincapi\u00e9 en que la estrecha cooperaci\u00f3n debe ser m\u00e1s eficaz para combatir &hellip;<\/p>\n","protected":false},"author":24,"featured_media":27829,"comment_status":"closed","ping_status":"closed","sticky":false,"template":"","format":"standard","meta":{"footnotes":""},"categories":[456,457,576],"tags":[6530],"class_list":["post-29534","post","type-post","status-publish","format-standard","has-post-thumbnail","","category-arabe-internacional-politica","category-noticias-arabe-internacional-politica","category-noticias-politicas","tag-rohani-subraya-la-importancia-de-una-estrecha-cooperacion-entre-los-estados-para-combatir-el-terrorismo"],"_links":{"self":[{"href":"https:\/\/archive.sana.sy\/es\/index.php?rest_route=\/wp\/v2\/posts\/29534"}],"collection":[{"href":"https:\/\/archive.sana.sy\/es\/index.php?rest_route=\/wp\/v2\/posts"}],"about":[{"href":"https:\/\/archive.sana.sy\/es\/index.php?rest_route=\/wp\/v2\/types\/post"}],"author":[{"embeddable":true,"href":"https:\/\/archive.sana.sy\/es\/index.php?rest_route=\/wp\/v2\/users\/24"}],"replies":[{"embeddable":true,"href":"https:\/\/archive.sana.sy\/es\/index.php?rest_route=%2Fwp%2Fv2%2Fcomments&post=29534"}],"version-history":[{"count":0,"href":"https:\/\/archive.sana.sy\/es\/index.php?rest_route=\/wp\/v2\/posts\/29534\/revisions"}],"wp:featuredmedia":[{"embeddable":true,"href":"https:\/\/archive.sana.sy\/es\/index.php?rest_route=\/wp\/v2\/media\/27829"}],"wp:attachment":[{"href":"https:\/\/archive.sana.sy\/es\/index.php?rest_route=%2Fwp%2Fv2%2Fmedia&parent=29534"}],"wp:term":[{"taxonomy":"category","embeddable":true,"href":"https:\/\/archive.sana.sy\/es\/index.php?rest_route=%2Fwp%2Fv2%2Fcategories&post=29534"},{"taxonomy":"post_tag","embeddable":true,"href":"https:\/\/archive.sana.sy\/es\/index.php?rest_route=%2Fwp%2Fv2%2Ftags&post=29534"}],"curies":[{"name":"wp","href":"https:\/\/api.w.org\/{rel}","templated":true}]}}