{"id":295341,"date":"2023-04-27T17:27:27","date_gmt":"2023-04-27T14:27:27","guid":{"rendered":"http:\/\/sana.sy\/es\/?p=295341"},"modified":"2023-04-27T20:08:12","modified_gmt":"2023-04-27T17:08:12","slug":"siria-y-oman-abogan-por-fortalecer-relaciones-bilaterales","status":"publish","type":"post","link":"https:\/\/archive.sana.sy\/es\/?p=295341","title":{"rendered":"Siria y Om\u00e1n abogan por fortalecer relaciones bilaterales"},"content":{"rendered":"<p style=\"text-align: justify;\"><span style=\"color: #800000;\"><strong>Damasco, 27 abr (SANA)\u00a0<\/strong><\/span>El ministro de Asuntos Exteriores y Expatriados, Faisal Al-Mekdad, y su hom\u00f3logo del Sultanato de Om\u00e1n, Badr bin Hamad Al-Busaidi, abogaron por continuar desarrollando las relaciones bilaterales entre los dos pa\u00edses hermanos en varios \u00e1mbitos.<\/p>\n<p style=\"text-align: justify;\">Ambos Cancilleres establecieron una conversavi\u00f3n v\u00eda telef\u00f3nica en la que abordaron los recientes acontecimientos en la regi\u00f3n.<\/p>\n<p style=\"text-align: justify;\">El titular sirio expres\u00f3 la satisfacci\u00f3n de Damasco por el nivel de las relaciones existentes entre los dos pa\u00edses hermanos, especialmente tras la \u00faltima visita del presidente Bashar Al-Assad al Sultanato de Om\u00e1n.<\/p>\n<p style=\"text-align: justify;\">Adem\u00e1s, ambas partes acordaron mantener constante comunicaci\u00f3n para analizar cuestiones de inter\u00e9s com\u00fan.<\/p>\n<p style=\"text-align: justify;\">sm\/fm<\/p>\n","protected":false},"excerpt":{"rendered":"<p>Damasco, 27 abr (SANA)\u00a0El ministro de Asuntos Exteriores y Expatriados, Faisal Al-Mekdad, y su hom\u00f3logo del Sultanato de Om\u00e1n, Badr bin Hamad Al-Busaidi, abogaron por continuar desarrollando las relaciones bilaterales entre los dos pa\u00edses hermanos en varios \u00e1mbitos. Ambos Cancilleres establecieron una conversavi\u00f3n v\u00eda telef\u00f3nica en la que abordaron los recientes acontecimientos en la regi\u00f3n. &hellip;<\/p>\n","protected":false},"author":39,"featured_media":295342,"comment_status":"closed","ping_status":"closed","sticky":false,"template":"","format":"standard","meta":{"footnotes":""},"categories":[597,20724,476,467,7541],"tags":[],"class_list":["post-295341","post","type-post","status-publish","format-standard","has-post-thumbnail","","category-cinta-de-noticias","category-minuto-a-minuto","category-locales","category-siria-y-el-mundo","category-ultimas-noticias"],"_links":{"self":[{"href":"https:\/\/archive.sana.sy\/es\/index.php?rest_route=\/wp\/v2\/posts\/295341"}],"collection":[{"href":"https:\/\/archive.sana.sy\/es\/index.php?rest_route=\/wp\/v2\/posts"}],"about":[{"href":"https:\/\/archive.sana.sy\/es\/index.php?rest_route=\/wp\/v2\/types\/post"}],"author":[{"embeddable":true,"href":"https:\/\/archive.sana.sy\/es\/index.php?rest_route=\/wp\/v2\/users\/39"}],"replies":[{"embeddable":true,"href":"https:\/\/archive.sana.sy\/es\/index.php?rest_route=%2Fwp%2Fv2%2Fcomments&post=295341"}],"version-history":[{"count":3,"href":"https:\/\/archive.sana.sy\/es\/index.php?rest_route=\/wp\/v2\/posts\/295341\/revisions"}],"predecessor-version":[{"id":295353,"href":"https:\/\/archive.sana.sy\/es\/index.php?rest_route=\/wp\/v2\/posts\/295341\/revisions\/295353"}],"wp:featuredmedia":[{"embeddable":true,"href":"https:\/\/archive.sana.sy\/es\/index.php?rest_route=\/wp\/v2\/media\/295342"}],"wp:attachment":[{"href":"https:\/\/archive.sana.sy\/es\/index.php?rest_route=%2Fwp%2Fv2%2Fmedia&parent=295341"}],"wp:term":[{"taxonomy":"category","embeddable":true,"href":"https:\/\/archive.sana.sy\/es\/index.php?rest_route=%2Fwp%2Fv2%2Fcategories&post=295341"},{"taxonomy":"post_tag","embeddable":true,"href":"https:\/\/archive.sana.sy\/es\/index.php?rest_route=%2Fwp%2Fv2%2Ftags&post=295341"}],"curies":[{"name":"wp","href":"https:\/\/api.w.org\/{rel}","templated":true}]}}