{"id":295344,"date":"2023-04-27T18:33:51","date_gmt":"2023-04-27T15:33:51","guid":{"rendered":"http:\/\/sana.sy\/es\/?p=295344"},"modified":"2023-04-27T19:24:42","modified_gmt":"2023-04-27T16:24:42","slug":"presidente-tunecino-designa-a-embajador-extraordinario-de-su-pais-en-siria","status":"publish","type":"post","link":"https:\/\/archive.sana.sy\/es\/?p=295344","title":{"rendered":"Presidente tunecino designa a embajador extraordinario de su pa\u00eds en Siria"},"content":{"rendered":"<p style=\"text-align: justify;\"><span style=\"color: #800000;\"><strong>\u00a0T\u00fanez, 27 abr (SANA)<\/strong> <\/span>El presidente de T\u00fanez, Kais Saied, design\u00f3 a Mohamed Al-Mahdhabi como Embajador Extraordinario de su pa\u00eds en Siria.<\/p>\n<p style=\"text-align: justify;\">La Presidencia de la Rep\u00fablica de T\u00fanez anunci\u00f3 mediante un comunicado que el presidente Saied supervis\u00f3, en el Palacio de Cartago, la entrega de credenciales a Muhammad Al-Mahdhabi como Embajador Extraordinario y Plenipotenciario de la Rep\u00fablica de T\u00fanez ante la Rep\u00fablica \u00c1rabe Siria.<\/p>\n<p style=\"text-align: justify;\">El mandatario tunecino destac\u00f3 durante su reuni\u00f3n la semana pasada en la capital de su pa\u00eds con el canciller sirio, Faisal Al-Mekdad, la importancia de unificar las posiciones \u00e1rabes ante todos los desaf\u00edos que enfrentan los pa\u00edses \u00e1rabes.<\/p>\n<p style=\"text-align: justify;\">Cabe destacar que el ministro de Relaciones Exteriores de T\u00fanez, Nabil Ammar, transmiti\u00f3 a principios de este mes, durante una llamada telef\u00f3nica con el Canciller sirio la decisi\u00f3n de su pa\u00eds de elevar la representaci\u00f3n de la Embajada de T\u00fanez en Damasco y nombrar un embajador al frente.<\/p>\n<p style=\"text-align: justify;\">sm<\/p>\n","protected":false},"excerpt":{"rendered":"<p>\u00a0T\u00fanez, 27 abr (SANA) El presidente de T\u00fanez, Kais Saied, design\u00f3 a Mohamed Al-Mahdhabi como Embajador Extraordinario de su pa\u00eds en Siria. La Presidencia de la Rep\u00fablica de T\u00fanez anunci\u00f3 mediante un comunicado que el presidente Saied supervis\u00f3, en el Palacio de Cartago, la entrega de credenciales a Muhammad Al-Mahdhabi como Embajador Extraordinario y Plenipotenciario &hellip;<\/p>\n","protected":false},"author":39,"featured_media":295347,"comment_status":"closed","ping_status":"closed","sticky":false,"template":"","format":"standard","meta":{"footnotes":""},"categories":[597,456,467,583],"tags":[],"class_list":["post-295344","post","type-post","status-publish","format-standard","has-post-thumbnail","","category-cinta-de-noticias","category-arabe-internacional-politica","category-siria-y-el-mundo","category-slide"],"_links":{"self":[{"href":"https:\/\/archive.sana.sy\/es\/index.php?rest_route=\/wp\/v2\/posts\/295344"}],"collection":[{"href":"https:\/\/archive.sana.sy\/es\/index.php?rest_route=\/wp\/v2\/posts"}],"about":[{"href":"https:\/\/archive.sana.sy\/es\/index.php?rest_route=\/wp\/v2\/types\/post"}],"author":[{"embeddable":true,"href":"https:\/\/archive.sana.sy\/es\/index.php?rest_route=\/wp\/v2\/users\/39"}],"replies":[{"embeddable":true,"href":"https:\/\/archive.sana.sy\/es\/index.php?rest_route=%2Fwp%2Fv2%2Fcomments&post=295344"}],"version-history":[{"count":4,"href":"https:\/\/archive.sana.sy\/es\/index.php?rest_route=\/wp\/v2\/posts\/295344\/revisions"}],"predecessor-version":[{"id":295350,"href":"https:\/\/archive.sana.sy\/es\/index.php?rest_route=\/wp\/v2\/posts\/295344\/revisions\/295350"}],"wp:featuredmedia":[{"embeddable":true,"href":"https:\/\/archive.sana.sy\/es\/index.php?rest_route=\/wp\/v2\/media\/295347"}],"wp:attachment":[{"href":"https:\/\/archive.sana.sy\/es\/index.php?rest_route=%2Fwp%2Fv2%2Fmedia&parent=295344"}],"wp:term":[{"taxonomy":"category","embeddable":true,"href":"https:\/\/archive.sana.sy\/es\/index.php?rest_route=%2Fwp%2Fv2%2Fcategories&post=295344"},{"taxonomy":"post_tag","embeddable":true,"href":"https:\/\/archive.sana.sy\/es\/index.php?rest_route=%2Fwp%2Fv2%2Ftags&post=295344"}],"curies":[{"name":"wp","href":"https:\/\/api.w.org\/{rel}","templated":true}]}}