{"id":295354,"date":"2023-04-27T21:27:52","date_gmt":"2023-04-27T18:27:52","guid":{"rendered":"http:\/\/sana.sy\/es\/?p=295354"},"modified":"2023-04-27T21:27:52","modified_gmt":"2023-04-27T18:27:52","slug":"armada-irani-detiene-un-barco-con-bandera-de-las-islas-marshall","status":"publish","type":"post","link":"https:\/\/archive.sana.sy\/es\/?p=295354","title":{"rendered":"Armada iran\u00ed detiene un barco con bandera de las Islas Marshall"},"content":{"rendered":"<p style=\"text-align: justify;\"><span style=\"color: #800000;\"><strong>Teher\u00e1n, 27 abr (SANA)<\/strong><\/span> La Marina iran\u00ed ha detenido un barco con bandera de las Islas Marshall despu\u00e9s de que chocara con un barco iran\u00ed, y lo ha llevado a aguas costeras iran\u00edes.<\/p>\n<p style=\"text-align: justify;\">Seg\u00fan inform\u00f3 la agencia de noticias iran\u00ed &#8220;IRNA&#8221;, el ej\u00e9rcito iran\u00ed declar\u00f3 en un comunicado que se hab\u00eda identificado un barco desconocido que hab\u00eda chocado con un barco iran\u00ed la v\u00edspera en el Golfo, y luego huy\u00f3 y apag\u00f3 sus dispositivos de seguimiento en violaci\u00f3n de las leyes mar\u00edtimas internacionales.<\/p>\n<p style=\"text-align: justify;\">El comunicado indic\u00f3 que el choque hab\u00eda provocado la p\u00e9rdida de dos personas y heridas a varios marineros, y que las fuerzas navales iran\u00edes estacionadas en Chabahar detuvieron el buque en el Mar de Om\u00e1n de inmediato y lo hab\u00edan llevado a aguas iran\u00edes.<\/p>\n<p style=\"text-align: justify;\"><em><strong>ah<\/strong><\/em><\/p>\n","protected":false},"excerpt":{"rendered":"<p>Teher\u00e1n, 27 abr (SANA) La Marina iran\u00ed ha detenido un barco con bandera de las Islas Marshall despu\u00e9s de que chocara con un barco iran\u00ed, y lo ha llevado a aguas costeras iran\u00edes. Seg\u00fan inform\u00f3 la agencia de noticias iran\u00ed &#8220;IRNA&#8221;, el ej\u00e9rcito iran\u00ed declar\u00f3 en un comunicado que se hab\u00eda identificado un barco desconocido &hellip;<\/p>\n","protected":false},"author":30,"featured_media":295355,"comment_status":"closed","ping_status":"closed","sticky":false,"template":"","format":"standard","meta":{"footnotes":""},"categories":[456,16687,20724],"tags":[],"class_list":["post-295354","post","type-post","status-publish","format-standard","has-post-thumbnail","","category-arabe-internacional-politica","category-internacionales","category-minuto-a-minuto"],"_links":{"self":[{"href":"https:\/\/archive.sana.sy\/es\/index.php?rest_route=\/wp\/v2\/posts\/295354"}],"collection":[{"href":"https:\/\/archive.sana.sy\/es\/index.php?rest_route=\/wp\/v2\/posts"}],"about":[{"href":"https:\/\/archive.sana.sy\/es\/index.php?rest_route=\/wp\/v2\/types\/post"}],"author":[{"embeddable":true,"href":"https:\/\/archive.sana.sy\/es\/index.php?rest_route=\/wp\/v2\/users\/30"}],"replies":[{"embeddable":true,"href":"https:\/\/archive.sana.sy\/es\/index.php?rest_route=%2Fwp%2Fv2%2Fcomments&post=295354"}],"version-history":[{"count":1,"href":"https:\/\/archive.sana.sy\/es\/index.php?rest_route=\/wp\/v2\/posts\/295354\/revisions"}],"predecessor-version":[{"id":295356,"href":"https:\/\/archive.sana.sy\/es\/index.php?rest_route=\/wp\/v2\/posts\/295354\/revisions\/295356"}],"wp:featuredmedia":[{"embeddable":true,"href":"https:\/\/archive.sana.sy\/es\/index.php?rest_route=\/wp\/v2\/media\/295355"}],"wp:attachment":[{"href":"https:\/\/archive.sana.sy\/es\/index.php?rest_route=%2Fwp%2Fv2%2Fmedia&parent=295354"}],"wp:term":[{"taxonomy":"category","embeddable":true,"href":"https:\/\/archive.sana.sy\/es\/index.php?rest_route=%2Fwp%2Fv2%2Fcategories&post=295354"},{"taxonomy":"post_tag","embeddable":true,"href":"https:\/\/archive.sana.sy\/es\/index.php?rest_route=%2Fwp%2Fv2%2Ftags&post=295354"}],"curies":[{"name":"wp","href":"https:\/\/api.w.org\/{rel}","templated":true}]}}