{"id":29536,"date":"2015-09-05T13:31:56","date_gmt":"2015-09-05T10:31:56","guid":{"rendered":"http:\/\/sana.sy\/es\/?p=29536"},"modified":"2015-09-05T13:31:56","modified_gmt":"2015-09-05T10:31:56","slug":"presidente-austriaco-destaca-importancia-del-papel-de-iran-en-la-solucion-de-la-crisis-en-siria","status":"publish","type":"post","link":"https:\/\/archive.sana.sy\/es\/?p=29536","title":{"rendered":"Presidente austriaco destaca importancia del papel de Ir\u00e1n en la soluci\u00f3n de la crisis en Siria"},"content":{"rendered":"<p><span style=\"color: #800000\">Viena, SANA<\/span><\/p>\n<p>El presidente de Austria, Heinz Fischer, hizo hincapi\u00e9 en la importancia del papel que Ir\u00e1n pueda desempe\u00f1ar para contribuir a la soluci\u00f3n de la crisis en Siria.<\/p>\n<p>Fischer destac\u00f3 en una declaraci\u00f3n citada por el peri\u00f3dico austriaco \u201cKrone Zeitung\u201d antes del inicio de su visita oficial a Ir\u00e1n el pr\u00f3ximo lunes, destac\u00f3 la importancia del papel de Ir\u00e1n en Oriente Medio, especialmente el papel positivo y constructivo que podr\u00eda desempe\u00f1ar en la soluci\u00f3n de la crisis en Siria.<\/p>\n<p>Asimismo, se\u00f1al\u00f3 que el acuerdo nuclear de Viena entre Teher\u00e1n y el Sexteto Internacional constituye un impulso para Teher\u00e1n y le posibilita desempe\u00f1ar un papel con una mayor influencia en Siria y la regi\u00f3n&#8221;.<\/p>\n<p>Fisher advirti\u00f3 de tratar con Teher\u00e1n de una forma irresponsable, se\u00f1alando que &#8220;Ir\u00e1n es un estado con grandes intereses econ\u00f3micos e influencia, y goza de credibilidad entre sus socios.&#8221;<\/p>\n<p>&nbsp;<\/p>\n<p>Fady M., Lynn A.<\/p>\n","protected":false},"excerpt":{"rendered":"<p>Viena, SANA El presidente de Austria, Heinz Fischer, hizo hincapi\u00e9 en la importancia del papel que Ir\u00e1n pueda desempe\u00f1ar para contribuir a la soluci\u00f3n de la crisis en Siria. Fischer destac\u00f3 en una declaraci\u00f3n citada por el peri\u00f3dico austriaco \u201cKrone Zeitung\u201d antes del inicio de su visita oficial a Ir\u00e1n el pr\u00f3ximo lunes, destac\u00f3 la &hellip;<\/p>\n","protected":false},"author":24,"featured_media":29537,"comment_status":"closed","ping_status":"closed","sticky":false,"template":"","format":"standard","meta":{"footnotes":""},"categories":[597,456,457,576],"tags":[6531],"class_list":["post-29536","post","type-post","status-publish","format-standard","has-post-thumbnail","","category-cinta-de-noticias","category-arabe-internacional-politica","category-noticias-arabe-internacional-politica","category-noticias-politicas","tag-presidente-austriaco-destaca-importancia-del-papel-de-iran-en-la-solucion-de-la-crisis-en-siria"],"_links":{"self":[{"href":"https:\/\/archive.sana.sy\/es\/index.php?rest_route=\/wp\/v2\/posts\/29536"}],"collection":[{"href":"https:\/\/archive.sana.sy\/es\/index.php?rest_route=\/wp\/v2\/posts"}],"about":[{"href":"https:\/\/archive.sana.sy\/es\/index.php?rest_route=\/wp\/v2\/types\/post"}],"author":[{"embeddable":true,"href":"https:\/\/archive.sana.sy\/es\/index.php?rest_route=\/wp\/v2\/users\/24"}],"replies":[{"embeddable":true,"href":"https:\/\/archive.sana.sy\/es\/index.php?rest_route=%2Fwp%2Fv2%2Fcomments&post=29536"}],"version-history":[{"count":0,"href":"https:\/\/archive.sana.sy\/es\/index.php?rest_route=\/wp\/v2\/posts\/29536\/revisions"}],"wp:featuredmedia":[{"embeddable":true,"href":"https:\/\/archive.sana.sy\/es\/index.php?rest_route=\/wp\/v2\/media\/29537"}],"wp:attachment":[{"href":"https:\/\/archive.sana.sy\/es\/index.php?rest_route=%2Fwp%2Fv2%2Fmedia&parent=29536"}],"wp:term":[{"taxonomy":"category","embeddable":true,"href":"https:\/\/archive.sana.sy\/es\/index.php?rest_route=%2Fwp%2Fv2%2Fcategories&post=29536"},{"taxonomy":"post_tag","embeddable":true,"href":"https:\/\/archive.sana.sy\/es\/index.php?rest_route=%2Fwp%2Fv2%2Ftags&post=29536"}],"curies":[{"name":"wp","href":"https:\/\/api.w.org\/{rel}","templated":true}]}}