{"id":295360,"date":"2023-04-28T07:54:26","date_gmt":"2023-04-28T04:54:26","guid":{"rendered":"http:\/\/sana.sy\/es\/?p=295360"},"modified":"2023-04-28T10:49:00","modified_gmt":"2023-04-28T07:49:00","slug":"israel-y-daesh-son-dos-caras-de-la-misma-moneda-afirma-delegado-sirio-ante-la-onu","status":"publish","type":"post","link":"https:\/\/archive.sana.sy\/es\/?p=295360","title":{"rendered":"\u201cIsrael\u201d y Daesh son dos caras de la misma moneda, afirma delegado sirio ante la ONU"},"content":{"rendered":"<blockquote>\n<p style=\"text-align: justify;\"><span style=\"color: #993300;\">&#8220;El objetivo tanto de \u201cIsrael\u201d como de Daesh es prolongar la guerra, agotar los recursos y riquezas del pueblo sirio y agudizar su sufrimiento&#8221;<\/span><\/p>\n<\/blockquote>\n<p style=\"text-align: justify;\"><span style=\"color: #800000;\"><strong>Damasco, 27 abr (SANA)<\/strong><\/span> El delegado de Siria ante las Naciones Unidas sirio ante la ONU, Bassam Sabbagh, dijo hoy que las acciones criminales de \u201cIsrael\u201d y del grupo terrorista Estado Isl\u00e1mico, Daesh, demuestran que son dos caras de la misma moneda.<\/p>\n<p style=\"text-align: justify;\">La escalada de agresiones israel\u00edes contra el territorio sirio y su coincidencia con los ataques de Daesh evidencian no solo coordinaci\u00f3n previa sino similitudes de sus actos, dijo el diplom\u00e1tico en su intervenci\u00f3n en una sesi\u00f3n del Consejo de Seguridad dedicada a debatir las cuestiones pol\u00edticas y humanitarias en Siria.<\/p>\n<p style=\"text-align: justify;\">Aclar\u00f3 que esta escalada ocurre en momentos en que el pueblo sirio lucha para superar la dif\u00edcil situaci\u00f3n humanitaria como resultado del devastador terremoto.<\/p>\n<p style=\"text-align: justify;\">Sus bombardeos da\u00f1aron edificios residenciales, aeropuertos civiles e infraestructura en Damasco y sus alrededores, la Regi\u00f3n Sur, Alepo y Homs, y causaron la muerte de civiles y la ocurrencia de graves da\u00f1os materiales, denunci\u00f3 Sabbagh.<\/p>\n<p style=\"text-align: justify;\"><strong>Sabbagh: el objetivo de \u201cIsrael\u201d y Daesh es prolongar la guerra<\/strong><\/p>\n<p style=\"text-align: justify;\">Aclar\u00f3 que el objetivo tanto de \u201cIsrael\u201d como de Daesh es prolongar la guerra, agotar los recursos y riquezas del pueblo sirio y agudizar su sufrimiento.<\/p>\n<p style=\"text-align: justify;\">Una vez m\u00e1s, Siria advierte a Israel y a sus patrocinadores de los peligros de estas pol\u00edticas temerarias que empujan la regi\u00f3n hacia una escalada integral y otra fase de inseguridad e inestabilidad, alert\u00f3.<\/p>\n<p style=\"text-align: justify;\">Subray\u00f3 la necesidad de que el Consejo de Seguridad asuma sus responsabilidades y condene estas violaciones, trabaje para detenerlas y asegure de que no se repitan.<\/p>\n<p style=\"text-align: justify;\"><strong>Sabbagh tacha de diligente e ilegal la presencia actuaci\u00f3n de las fuerzas estadounidenses en Siria<\/strong><\/p>\n<p style=\"text-align: justify;\">Por otro lado, conden\u00f3 la presencia y actuaci\u00f3n diligente e ilegal de las fuerzas estadounidenses presentes en el noreste del pa\u00eds, en particular su saqueo de los recursos y la riqueza de los sirios.<\/p>\n<p style=\"text-align: justify;\">Agreg\u00f3 que las fuerzas de ocupaci\u00f3n estadounidenses lanzaron ataques en \u00e1reas de la gobernaci\u00f3n oriental de Deir Ezzor, lo que provoc\u00f3 un n\u00famero de v\u00edctimas y da\u00f1os materiales.<\/p>\n<p style=\"text-align: justify;\">Ello representa una encarnaci\u00f3n real del crimen de agresi\u00f3n del que se derivan varios otros cr\u00edmenes y violaciones cometidos por esas fuerzas, aclar\u00f3 el embajador.<\/p>\n<p style=\"text-align: justify;\">Mientras calific\u00f3 de terrorismo econ\u00f3mico y castigo colectivo la continuaci\u00f3n de las ilegales medidas coercitivas unilaterales, que impiden mejorar la situaci\u00f3n humanitaria y satisfacer las necesidades humanitarias de los sirios.<\/p>\n<p style=\"text-align: justify;\"><em><strong>fm\/ah<\/strong><\/em><\/p>\n","protected":false},"excerpt":{"rendered":"<p>&#8220;El objetivo tanto de \u201cIsrael\u201d como de Daesh es prolongar la guerra, agotar los recursos y riquezas del pueblo sirio y agudizar su sufrimiento&#8221; Damasco, 27 abr (SANA) El delegado de Siria ante las Naciones Unidas sirio ante la ONU, Bassam Sabbagh, dijo hoy que las acciones criminales de \u201cIsrael\u201d y del grupo terrorista Estado &hellip;<\/p>\n","protected":false},"author":30,"featured_media":295393,"comment_status":"closed","ping_status":"closed","sticky":false,"template":"","format":"standard","meta":{"footnotes":""},"categories":[597,20724,467,583],"tags":[],"class_list":["post-295360","post","type-post","status-publish","format-standard","has-post-thumbnail","","category-cinta-de-noticias","category-minuto-a-minuto","category-siria-y-el-mundo","category-slide"],"_links":{"self":[{"href":"https:\/\/archive.sana.sy\/es\/index.php?rest_route=\/wp\/v2\/posts\/295360"}],"collection":[{"href":"https:\/\/archive.sana.sy\/es\/index.php?rest_route=\/wp\/v2\/posts"}],"about":[{"href":"https:\/\/archive.sana.sy\/es\/index.php?rest_route=\/wp\/v2\/types\/post"}],"author":[{"embeddable":true,"href":"https:\/\/archive.sana.sy\/es\/index.php?rest_route=\/wp\/v2\/users\/30"}],"replies":[{"embeddable":true,"href":"https:\/\/archive.sana.sy\/es\/index.php?rest_route=%2Fwp%2Fv2%2Fcomments&post=295360"}],"version-history":[{"count":3,"href":"https:\/\/archive.sana.sy\/es\/index.php?rest_route=\/wp\/v2\/posts\/295360\/revisions"}],"predecessor-version":[{"id":295394,"href":"https:\/\/archive.sana.sy\/es\/index.php?rest_route=\/wp\/v2\/posts\/295360\/revisions\/295394"}],"wp:featuredmedia":[{"embeddable":true,"href":"https:\/\/archive.sana.sy\/es\/index.php?rest_route=\/wp\/v2\/media\/295393"}],"wp:attachment":[{"href":"https:\/\/archive.sana.sy\/es\/index.php?rest_route=%2Fwp%2Fv2%2Fmedia&parent=295360"}],"wp:term":[{"taxonomy":"category","embeddable":true,"href":"https:\/\/archive.sana.sy\/es\/index.php?rest_route=%2Fwp%2Fv2%2Fcategories&post=295360"},{"taxonomy":"post_tag","embeddable":true,"href":"https:\/\/archive.sana.sy\/es\/index.php?rest_route=%2Fwp%2Fv2%2Ftags&post=295360"}],"curies":[{"name":"wp","href":"https:\/\/api.w.org\/{rel}","templated":true}]}}