{"id":295363,"date":"2023-04-28T08:02:40","date_gmt":"2023-04-28T05:02:40","guid":{"rendered":"http:\/\/sana.sy\/es\/?p=295363"},"modified":"2023-04-28T08:03:33","modified_gmt":"2023-04-28T05:03:33","slug":"cooperacion-prometedora-y-necesaria-siria-y-argelia-acuerdan-colaborar-en-campos-de-la-energia-y-las-minas","status":"publish","type":"post","link":"https:\/\/archive.sana.sy\/es\/?p=295363","title":{"rendered":"Cooperaci\u00f3n prometedora y necesaria, Siria y Argelia acuerdan colaborar en campos de la energ\u00eda y las minas"},"content":{"rendered":"<blockquote>\n<p style=\"text-align: justify;\"><span style=\"color: #993300;\">El Ministerio argelino del ramo declar\u00f3 que las oportunidades de cooperaci\u00f3n entre los dos pa\u00edses incluyen los campos de exploraci\u00f3n y extracci\u00f3n de hidrocarburos, refinaci\u00f3n y prospecci\u00f3n s\u00edsmica, adem\u00e1s de la comercializaci\u00f3n de petr\u00f3leo crudo y productos derivados del petr\u00f3leo.<\/span><\/p>\n<\/blockquote>\n<p style=\"text-align: justify;\"><span style=\"color: #800000;\"><strong>Argel, 28 abr (SANA)<\/strong><\/span> El ministro de Petr\u00f3leo y Recursos Minerales de Siria,Firas Kaddour, y el ministro de Energ\u00eda y Minas de Argelia, Mohamed Arkab, firmaron hoy en la capital argelina las actas de sus conversaciones bilaterales sostenidas en los campos de energ\u00eda y minas.<\/p>\n<p style=\"text-align: justify;\">El Ministerio argelino del ramo declar\u00f3 que las oportunidades de cooperaci\u00f3n entre los dos pa\u00edses incluyen los campos de exploraci\u00f3n y extracci\u00f3n de hidrocarburos, refinaci\u00f3n y prospecci\u00f3n s\u00edsmica, adem\u00e1s de la comercializaci\u00f3n de petr\u00f3leo crudo y productos derivados del petr\u00f3leo.<\/p>\n<p style=\"text-align: justify;\">El acta enfatiza en aprovechar las capacidades disponibles en los dos pa\u00edses, e intercambiar experiencias en los campos de electricidad, especialmente en el mantenimiento, y los equipos y repuestos el\u00e9ctricos, adem\u00e1s del intercambiar experiencias en el campo de la miner\u00eda y la explotaci\u00f3n de recursos minerales y el desarrollo del capital humano.<\/p>\n<p style=\"text-align: justify;\">El ente aclar\u00f3 que esto responde a la voluntad de los dos pa\u00edses hermanos para fortalecer las relaciones de cooperaci\u00f3n en el campo de la energ\u00eda y las minas, y estudiar las oportunidades de asociaci\u00f3n e inversi\u00f3n entre los dos pa\u00edses.<\/p>\n<p style=\"text-align: justify;\">La ceremonia de firma tuvo lugar despu\u00e9s de la reuni\u00f3n entre el Ministro de Energ\u00eda y Minas de Argelia con el Ministro de Petr\u00f3leo y Recursos Minerales de Siria.<\/p>\n<p style=\"text-align: justify;\"><em><strong>fm\/ah<\/strong><\/em><\/p>\n","protected":false},"excerpt":{"rendered":"<p>El Ministerio argelino del ramo declar\u00f3 que las oportunidades de cooperaci\u00f3n entre los dos pa\u00edses incluyen los campos de exploraci\u00f3n y extracci\u00f3n de hidrocarburos, refinaci\u00f3n y prospecci\u00f3n s\u00edsmica, adem\u00e1s de la comercializaci\u00f3n de petr\u00f3leo crudo y productos derivados del petr\u00f3leo. Argel, 28 abr (SANA) El ministro de Petr\u00f3leo y Recursos Minerales de Siria,Firas Kaddour, y &hellip;<\/p>\n","protected":false},"author":30,"featured_media":295364,"comment_status":"closed","ping_status":"closed","sticky":false,"template":"","format":"standard","meta":{"footnotes":""},"categories":[597,16686,483,485,20724,467,7541],"tags":[],"class_list":["post-295363","post","type-post","status-publish","format-standard","has-post-thumbnail","","category-cinta-de-noticias","category-economia","category-negocios-y-finanzas","category-informes-negocios-y-finanzas","category-minuto-a-minuto","category-siria-y-el-mundo","category-ultimas-noticias"],"_links":{"self":[{"href":"https:\/\/archive.sana.sy\/es\/index.php?rest_route=\/wp\/v2\/posts\/295363"}],"collection":[{"href":"https:\/\/archive.sana.sy\/es\/index.php?rest_route=\/wp\/v2\/posts"}],"about":[{"href":"https:\/\/archive.sana.sy\/es\/index.php?rest_route=\/wp\/v2\/types\/post"}],"author":[{"embeddable":true,"href":"https:\/\/archive.sana.sy\/es\/index.php?rest_route=\/wp\/v2\/users\/30"}],"replies":[{"embeddable":true,"href":"https:\/\/archive.sana.sy\/es\/index.php?rest_route=%2Fwp%2Fv2%2Fcomments&post=295363"}],"version-history":[{"count":1,"href":"https:\/\/archive.sana.sy\/es\/index.php?rest_route=\/wp\/v2\/posts\/295363\/revisions"}],"predecessor-version":[{"id":295365,"href":"https:\/\/archive.sana.sy\/es\/index.php?rest_route=\/wp\/v2\/posts\/295363\/revisions\/295365"}],"wp:featuredmedia":[{"embeddable":true,"href":"https:\/\/archive.sana.sy\/es\/index.php?rest_route=\/wp\/v2\/media\/295364"}],"wp:attachment":[{"href":"https:\/\/archive.sana.sy\/es\/index.php?rest_route=%2Fwp%2Fv2%2Fmedia&parent=295363"}],"wp:term":[{"taxonomy":"category","embeddable":true,"href":"https:\/\/archive.sana.sy\/es\/index.php?rest_route=%2Fwp%2Fv2%2Fcategories&post=295363"},{"taxonomy":"post_tag","embeddable":true,"href":"https:\/\/archive.sana.sy\/es\/index.php?rest_route=%2Fwp%2Fv2%2Ftags&post=295363"}],"curies":[{"name":"wp","href":"https:\/\/api.w.org\/{rel}","templated":true}]}}